{"id":3954,"date":"2020-10-30T17:28:33","date_gmt":"2020-10-30T16:28:33","guid":{"rendered":"http:\/\/agora.xtec.cat\/escolamestralvilanova\/?p=3954"},"modified":"2020-10-30T17:28:57","modified_gmt":"2020-10-30T16:28:57","slug":"celebrem-la-castanyada","status":"publish","type":"post","link":"https:\/\/agora.xtec.cat\/escolamestralvilanova\/infantil\/celebrem-la-castanyada\/","title":{"rendered":"CELEBREM LA CASTANYADA"},"content":{"rendered":"<p style=\"text-align: justify;\">Aquest divendres els infants de l&#8217;escoleta hem celebrat aquesta popular festa! Tots vestits de castanyers\/es hem cantat i ballat can\u00e7ons. <img decoding=\"async\" class=\"CToWUd\" src=\"https:\/\/mail.google.com\/mail\/e\/1f3b6\" alt=\"\ud83c\udfb6\" data-goomoji=\"1f3b6\" data-image-whitelisted=\"\" \/><\/p>\n<p>A m\u00e9s , hem teatralitzat el conte: la senyora Castanyera ens ha vingut a portar unes castanyes bon\u00edssimes per\u00f2 per sorpresa nostra&#8230; eren cargols, mireu-los! <img decoding=\"async\" class=\"CToWUd\" src=\"https:\/\/mail.google.com\/mail\/e\/1f40c\" alt=\"\ud83d\udc0c\" data-goomoji=\"1f40c\" data-image-whitelisted=\"\" \/><img decoding=\"async\" class=\"CToWUd\" src=\"https:\/\/mail.google.com\/mail\/e\/1f632\" alt=\"\ud83d\ude32\" data-goomoji=\"1f632\" data-image-whitelisted=\"\" \/><\/p>\n<p>Al final, per sort, ha tornat a la muntanya i les ha portat! Nosaltres les hem anat a buscar tot posant-les a les paperines! <img decoding=\"async\" class=\"CToWUd\" src=\"https:\/\/mail.google.com\/mail\/e\/1f5de\" alt=\"\ud83d\uddde\" data-goomoji=\"1f5de\" data-image-whitelisted=\"\" \/><img decoding=\"async\" class=\"CToWUd\" src=\"https:\/\/mail.google.com\/mail\/e\/1f330\" alt=\"\ud83c\udf30\" data-goomoji=\"1f330\" data-image-whitelisted=\"\" \/><\/p>\n<p>Per \u00faltim, ens hem emportat cap a casa els panellets d&#8217;ahir i les castanyes que vam pintar amb xocolata, mireu que xules ens van quedar!<\/p>\n<p>Bona Castanyada a tots i totes! <img decoding=\"async\" class=\"CToWUd\" src=\"https:\/\/mail.google.com\/mail\/e\/1f389\" alt=\"\ud83c\udf89\" data-goomoji=\"1f389\" data-image-whitelisted=\"\" \/><\/p>\n<ul>\n<li><a href=\"https:\/\/photos.app.goo.gl\/X2qShF6RbyJGUhJk9\">ENLLA\u00c7 A LES FOTOGRAFIES<\/a><\/li>\n<\/ul>\n<p><a href=\"https:\/\/photos.app.goo.gl\/X2qShF6RbyJGUhJk9\"><img loading=\"lazy\" decoding=\"async\" class=\"alignnone size-medium wp-image-3955\" src=\"https:\/\/agora.xtec.cat\/escolamestralvilanova\/wp-content\/uploads\/usu729\/2020\/10\/IMG_20201030_102712-300x300.jpg\" alt=\"\" width=\"300\" height=\"300\" srcset=\"https:\/\/agora.xtec.cat\/escolamestralvilanova\/wp-content\/uploads\/usu729\/2020\/10\/IMG_20201030_102712-300x300.jpg 300w, https:\/\/agora.xtec.cat\/escolamestralvilanova\/wp-content\/uploads\/usu729\/2020\/10\/IMG_20201030_102712-150x150.jpg 150w, https:\/\/agora.xtec.cat\/escolamestralvilanova\/wp-content\/uploads\/usu729\/2020\/10\/IMG_20201030_102712-768x768.jpg 768w, https:\/\/agora.xtec.cat\/escolamestralvilanova\/wp-content\/uploads\/usu729\/2020\/10\/IMG_20201030_102712-1024x1024.jpg 1024w\" sizes=\"auto, (max-width: 300px) 100vw, 300px\" \/><\/a><\/p>\n","protected":false},"excerpt":{"rendered":"<p>Aquest divendres els infants de l&#8217;escoleta hem celebrat aquesta popular festa! Tots vestits de castanyers\/es hem cantat i ballat can\u00e7ons.<br \/>\nA m\u00e9s , hem teatralitzat el conte: la senyora Castanyera ens ha vingut a portar unes castanyes bon\u00edssimes per\u00f2 per sorpresa nostra&#8230; eren cargols, mireu-los!&hellip;  <a href=\"https:\/\/agora.xtec.cat\/escolamestralvilanova\/infantil\/celebrem-la-castanyada\/\" title=\"Read CELEBREM LA CASTANYADA\">Llegeix m\u00e9s\u00bb<\/a><\/p>\n","protected":false},"author":1,"featured_media":0,"comment_status":"open","ping_status":"closed","sticky":false,"template":"","format":"standard","meta":{"_bbp_topic_count":0,"_bbp_reply_count":0,"_bbp_total_topic_count":0,"_bbp_total_reply_count":0,"_bbp_voice_count":0,"_bbp_anonymous_reply_count":0,"_bbp_topic_count_hidden":0,"_bbp_reply_count_hidden":0,"_bbp_forum_subforum_count":0,"footnotes":""},"categories":[14,59,2,4],"tags":[],"class_list":["post-3954","post","type-post","status-publish","format-standard","hentry","category-ei1-ei2","category-primer-cicle-ed-infantil","category-infantil","category-portada"],"post_mailing_queue_ids":[],"_links":{"self":[{"href":"https:\/\/agora.xtec.cat\/escolamestralvilanova\/wp-json\/wp\/v2\/posts\/3954","targetHints":{"allow":["GET"]}}],"collection":[{"href":"https:\/\/agora.xtec.cat\/escolamestralvilanova\/wp-json\/wp\/v2\/posts"}],"about":[{"href":"https:\/\/agora.xtec.cat\/escolamestralvilanova\/wp-json\/wp\/v2\/types\/post"}],"author":[{"embeddable":true,"href":"https:\/\/agora.xtec.cat\/escolamestralvilanova\/wp-json\/wp\/v2\/users\/1"}],"replies":[{"embeddable":true,"href":"https:\/\/agora.xtec.cat\/escolamestralvilanova\/wp-json\/wp\/v2\/comments?post=3954"}],"version-history":[{"count":3,"href":"https:\/\/agora.xtec.cat\/escolamestralvilanova\/wp-json\/wp\/v2\/posts\/3954\/revisions"}],"predecessor-version":[{"id":3958,"href":"https:\/\/agora.xtec.cat\/escolamestralvilanova\/wp-json\/wp\/v2\/posts\/3954\/revisions\/3958"}],"wp:attachment":[{"href":"https:\/\/agora.xtec.cat\/escolamestralvilanova\/wp-json\/wp\/v2\/media?parent=3954"}],"wp:term":[{"taxonomy":"category","embeddable":true,"href":"https:\/\/agora.xtec.cat\/escolamestralvilanova\/wp-json\/wp\/v2\/categories?post=3954"},{"taxonomy":"post_tag","embeddable":true,"href":"https:\/\/agora.xtec.cat\/escolamestralvilanova\/wp-json\/wp\/v2\/tags?post=3954"}],"curies":[{"name":"wp","href":"https:\/\/api.w.org\/{rel}","templated":true}]}}