{"id":3948,"date":"2020-10-29T18:11:49","date_gmt":"2020-10-29T17:11:49","guid":{"rendered":"http:\/\/agora.xtec.cat\/escolamestralvilanova\/?p=3948"},"modified":"2020-10-29T18:12:55","modified_gmt":"2020-10-29T17:12:55","slug":"passeig-de-tardor-3","status":"publish","type":"post","link":"https:\/\/agora.xtec.cat\/escolamestralvilanova\/infantil\/passeig-de-tardor-3\/","title":{"rendered":"PASSEIG DE TARDOR"},"content":{"rendered":"<p style=\"text-align: justify;\">Per donar la benvinguda a la\u00a0Tardor, els nens i nenes\u00a0de\u00a0l&#8217;escola Mestral anirem el\u00a0<strong>divendres 30\u00a0 d&#8217;octubre<\/strong>, durant la tarda i respectant els grups estables, a passejar per la llera del riu.<\/p>\n<p style=\"text-align: justify;\">Aprofitarem la sortida per contemplar el paisatge\u00a0de\u00a0tardor\u00a0tot recollint fulles i altres elements que caracteritzen aquesta estaci\u00f3 de l&#8217;any.<\/p>\n<p style=\"text-align: justify;\"><img loading=\"lazy\" decoding=\"async\" class=\" wp-image-3949 alignright\" src=\"https:\/\/agora.xtec.cat\/escolamestralvilanova\/wp-content\/uploads\/usu729\/2020\/10\/2640892-300x200.jpg\" alt=\"\" width=\"176\" height=\"117\" srcset=\"https:\/\/agora.xtec.cat\/escolamestralvilanova\/wp-content\/uploads\/usu729\/2020\/10\/2640892-300x200.jpg 300w, https:\/\/agora.xtec.cat\/escolamestralvilanova\/wp-content\/uploads\/usu729\/2020\/10\/2640892-768x512.jpg 768w, https:\/\/agora.xtec.cat\/escolamestralvilanova\/wp-content\/uploads\/usu729\/2020\/10\/2640892.jpg 960w\" sizes=\"auto, (max-width: 176px) 100vw, 176px\" \/>Donada la situaci\u00f3 actual, aquest any no podrem dur a terme el nostre tradicional &#8220;Mercat de tardor&#8221;. Tot i aix\u00ed, cada alumne elaborar\u00e0 el producte que ten\u00edem previst vendre, una bosseta de roba decorada per ells mateixos\/es que actualment fem servir per a emmagatzemar el material d&#8217;aula.<\/p>\n<p style=\"text-align: justify;\">Bona castanyada!<\/p>\n","protected":false},"excerpt":{"rendered":"<p>Per donar la benvinguda a la\u00a0Tardor, els nens i nenes\u00a0de\u00a0l&#8217;escola Mestral anirem el\u00a0divendres 30\u00a0 d&#8217;octubre, durant la tarda i respectant els grups estables, a passejar per la llera del riu.<br \/>\nAprofitarem la sortida per contemplar el paisatge\u00a0de\u00a0tardor\u00a0tot recollint fulles i altres elements que caracteritzen aquesta estaci\u00f3&hellip;  <a href=\"https:\/\/agora.xtec.cat\/escolamestralvilanova\/infantil\/passeig-de-tardor-3\/\" title=\"Read PASSEIG DE TARDOR\">Llegeix m\u00e9s\u00bb<\/a><\/p>\n","protected":false},"author":1,"featured_media":0,"comment_status":"open","ping_status":"closed","sticky":false,"template":"","format":"standard","meta":{"_bbp_topic_count":0,"_bbp_reply_count":0,"_bbp_total_topic_count":0,"_bbp_total_reply_count":0,"_bbp_voice_count":0,"_bbp_anonymous_reply_count":0,"_bbp_topic_count_hidden":0,"_bbp_reply_count_hidden":0,"_bbp_forum_subforum_count":0,"footnotes":""},"categories":[13,11,12,15,3,8,9,10,2,4,5],"tags":[],"class_list":["post-3948","post","type-post","status-publish","format-standard","hentry","category-cinque","category-cicle-inicial","category-tercer-quart","category-cicle-superior","category-ei3-ei4-ei5","category-ei4","category-ei5","category-ei5-primer","category-infantil","category-portada","category-primaria"],"post_mailing_queue_ids":[],"_links":{"self":[{"href":"https:\/\/agora.xtec.cat\/escolamestralvilanova\/wp-json\/wp\/v2\/posts\/3948","targetHints":{"allow":["GET"]}}],"collection":[{"href":"https:\/\/agora.xtec.cat\/escolamestralvilanova\/wp-json\/wp\/v2\/posts"}],"about":[{"href":"https:\/\/agora.xtec.cat\/escolamestralvilanova\/wp-json\/wp\/v2\/types\/post"}],"author":[{"embeddable":true,"href":"https:\/\/agora.xtec.cat\/escolamestralvilanova\/wp-json\/wp\/v2\/users\/1"}],"replies":[{"embeddable":true,"href":"https:\/\/agora.xtec.cat\/escolamestralvilanova\/wp-json\/wp\/v2\/comments?post=3948"}],"version-history":[{"count":3,"href":"https:\/\/agora.xtec.cat\/escolamestralvilanova\/wp-json\/wp\/v2\/posts\/3948\/revisions"}],"predecessor-version":[{"id":3953,"href":"https:\/\/agora.xtec.cat\/escolamestralvilanova\/wp-json\/wp\/v2\/posts\/3948\/revisions\/3953"}],"wp:attachment":[{"href":"https:\/\/agora.xtec.cat\/escolamestralvilanova\/wp-json\/wp\/v2\/media?parent=3948"}],"wp:term":[{"taxonomy":"category","embeddable":true,"href":"https:\/\/agora.xtec.cat\/escolamestralvilanova\/wp-json\/wp\/v2\/categories?post=3948"},{"taxonomy":"post_tag","embeddable":true,"href":"https:\/\/agora.xtec.cat\/escolamestralvilanova\/wp-json\/wp\/v2\/tags?post=3948"}],"curies":[{"name":"wp","href":"https:\/\/api.w.org\/{rel}","templated":true}]}}