{"id":3935,"date":"2020-10-29T12:04:12","date_gmt":"2020-10-29T11:04:12","guid":{"rendered":"http:\/\/agora.xtec.cat\/escolamestralvilanova\/?p=3935"},"modified":"2020-10-29T12:04:16","modified_gmt":"2020-10-29T11:04:16","slug":"alla-on-viuen-els-monstres","status":"publish","type":"post","link":"https:\/\/agora.xtec.cat\/escolamestralvilanova\/portada\/alla-on-viuen-els-monstres\/","title":{"rendered":"ALL\u00c0 ON VIUEN ELS MONSTRES"},"content":{"rendered":"<p>Avui els infants de primer hem iniciat la lectura col\u00b7lectiva del llibre <strong>ALL\u00c0 ON VIUEN ELS MONSTRES.<\/strong><\/p>\n<p>Dedicarem v\u00e0ries sessions a treballar aquest conte tant especial. Gr\u00e0cies als Lots de lectura que en ha cedit el bibliob\u00fas cada alumne podr\u00e0 tenir el seu exemplar.<\/p>\n<p>Ens agrada molt descobrir noves hist\u00f2ries!<\/p>\n<ul>\n<li><a href=\"https:\/\/photos.app.goo.gl\/pmV8RjGyovqjZJSr7\">ENLLA\u00c7 A LES FOTOGRAFIES<\/a><\/li>\n<\/ul>\n<p>&nbsp;<\/p>\n<p><a href=\"https:\/\/agora.xtec.cat\/escolamestralvilanova\/wp-content\/uploads\/usu729\/2020\/10\/Publican-clasico-monstruos-Maurice-Sendak_4695518.jpg\"><img loading=\"lazy\" decoding=\"async\" class=\"alignnone size-full wp-image-3936\" src=\"https:\/\/agora.xtec.cat\/escolamestralvilanova\/wp-content\/uploads\/usu729\/2020\/10\/Publican-clasico-monstruos-Maurice-Sendak_4695518.jpg\" alt=\"\" width=\"667\" height=\"305\" srcset=\"https:\/\/agora.xtec.cat\/escolamestralvilanova\/wp-content\/uploads\/usu729\/2020\/10\/Publican-clasico-monstruos-Maurice-Sendak_4695518.jpg 667w, https:\/\/agora.xtec.cat\/escolamestralvilanova\/wp-content\/uploads\/usu729\/2020\/10\/Publican-clasico-monstruos-Maurice-Sendak_4695518-300x137.jpg 300w\" sizes=\"auto, (max-width: 667px) 100vw, 667px\" \/><\/a><\/p>\n","protected":false},"excerpt":{"rendered":"<p>Avui els infants de primer hem iniciat la lectura col\u00b7lectiva del llibre ALL\u00c0 ON VIUEN ELS MONSTRES.<br \/>\nDedicarem v\u00e0ries sessions a treballar aquest conte tant especial. Gr\u00e0cies als Lots de lectura que en ha cedit el bibliob\u00fas cada alumne podr\u00e0 tenir el seu exemplar.<br \/>\nEns agrada molt&hellip;  <a href=\"https:\/\/agora.xtec.cat\/escolamestralvilanova\/portada\/alla-on-viuen-els-monstres\/\" title=\"Read ALL\u00c0 ON VIUEN ELS MONSTRES\">Llegeix m\u00e9s\u00bb<\/a><\/p>\n","protected":false},"author":6,"featured_media":0,"comment_status":"open","ping_status":"closed","sticky":false,"template":"","format":"standard","meta":{"_bbp_topic_count":0,"_bbp_reply_count":0,"_bbp_total_topic_count":0,"_bbp_total_reply_count":0,"_bbp_voice_count":0,"_bbp_anonymous_reply_count":0,"_bbp_topic_count_hidden":0,"_bbp_reply_count_hidden":0,"_bbp_forum_subforum_count":0,"footnotes":""},"categories":[10,4,5],"tags":[],"class_list":["post-3935","post","type-post","status-publish","format-standard","hentry","category-ei5-primer","category-portada","category-primaria"],"post_mailing_queue_ids":[],"_links":{"self":[{"href":"https:\/\/agora.xtec.cat\/escolamestralvilanova\/wp-json\/wp\/v2\/posts\/3935","targetHints":{"allow":["GET"]}}],"collection":[{"href":"https:\/\/agora.xtec.cat\/escolamestralvilanova\/wp-json\/wp\/v2\/posts"}],"about":[{"href":"https:\/\/agora.xtec.cat\/escolamestralvilanova\/wp-json\/wp\/v2\/types\/post"}],"author":[{"embeddable":true,"href":"https:\/\/agora.xtec.cat\/escolamestralvilanova\/wp-json\/wp\/v2\/users\/6"}],"replies":[{"embeddable":true,"href":"https:\/\/agora.xtec.cat\/escolamestralvilanova\/wp-json\/wp\/v2\/comments?post=3935"}],"version-history":[{"count":1,"href":"https:\/\/agora.xtec.cat\/escolamestralvilanova\/wp-json\/wp\/v2\/posts\/3935\/revisions"}],"predecessor-version":[{"id":3937,"href":"https:\/\/agora.xtec.cat\/escolamestralvilanova\/wp-json\/wp\/v2\/posts\/3935\/revisions\/3937"}],"wp:attachment":[{"href":"https:\/\/agora.xtec.cat\/escolamestralvilanova\/wp-json\/wp\/v2\/media?parent=3935"}],"wp:term":[{"taxonomy":"category","embeddable":true,"href":"https:\/\/agora.xtec.cat\/escolamestralvilanova\/wp-json\/wp\/v2\/categories?post=3935"},{"taxonomy":"post_tag","embeddable":true,"href":"https:\/\/agora.xtec.cat\/escolamestralvilanova\/wp-json\/wp\/v2\/tags?post=3935"}],"curies":[{"name":"wp","href":"https:\/\/api.w.org\/{rel}","templated":true}]}}