{"id":3917,"date":"2020-10-28T16:08:05","date_gmt":"2020-10-28T15:08:05","guid":{"rendered":"http:\/\/agora.xtec.cat\/escolamestralvilanova\/?p=3917"},"modified":"2020-10-28T16:15:38","modified_gmt":"2020-10-28T15:15:38","slug":"el-noe-ens-presenta-la-seva-capsa-de-vida","status":"publish","type":"post","link":"https:\/\/agora.xtec.cat\/escolamestralvilanova\/general\/el-noe-ens-presenta-la-seva-capsa-de-vida\/","title":{"rendered":"EL NO\u00c8 ENS PRESENTA LA SEVA CAPSA DE VIDA"},"content":{"rendered":"<p>Avui el No\u00e8 ens ha presentat la seva CAPSA DE VIDA. Tots els infants s&#8217;han mostrat molt motivats i encuriosits per all\u00f2 que havia posat el seu company dins la seva capsa.<\/p>\n<p>En No\u00e8 ens ha presentat una s\u00e8rie d&#8217;objectes i fotografies representatives de la seva vida, la resta de la classe hem escoltat amb molt d&#8217;inter\u00e8s la seva explicaci\u00f3.<\/p>\n<p>Ha estat un moment molt bonic on hem pogut compartir i con\u00e8ixer una mica m\u00e9s el nostre company. Gr\u00e0cies No\u00e8<\/p>\n<ul>\n<li><a href=\"https:\/\/photos.app.goo.gl\/tb3mBEt6DwQJ9gNFA\">ENLLA\u00c7 AL V\u00cdDEO<\/a><\/li>\n<\/ul>\n<p><a href=\"https:\/\/photos.app.goo.gl\/tb3mBEt6DwQJ9gNFA\"><img loading=\"lazy\" decoding=\"async\" class=\"wp-image-3925 alignleft\" src=\"https:\/\/agora.xtec.cat\/escolamestralvilanova\/wp-content\/uploads\/usu729\/2020\/10\/Imatge2.jpg\" alt=\"\" width=\"380\" height=\"209\" srcset=\"https:\/\/agora.xtec.cat\/escolamestralvilanova\/wp-content\/uploads\/usu729\/2020\/10\/Imatge2.jpg 1003w, https:\/\/agora.xtec.cat\/escolamestralvilanova\/wp-content\/uploads\/usu729\/2020\/10\/Imatge2-300x165.jpg 300w, https:\/\/agora.xtec.cat\/escolamestralvilanova\/wp-content\/uploads\/usu729\/2020\/10\/Imatge2-768x423.jpg 768w\" sizes=\"auto, (max-width: 380px) 100vw, 380px\" \/><\/a><\/p>\n","protected":false},"excerpt":{"rendered":"<p>Avui el No\u00e8 ens ha presentat la seva CAPSA DE VIDA. Tots els infants s&#8217;han mostrat molt motivats i encuriosits per all\u00f2 que havia posat el seu company dins la seva capsa.<br \/>\nEn No\u00e8 ens ha presentat una s\u00e8rie d&#8217;objectes i fotografies representatives de la seva&hellip;  <a href=\"https:\/\/agora.xtec.cat\/escolamestralvilanova\/general\/el-noe-ens-presenta-la-seva-capsa-de-vida\/\" title=\"Read EL NO\u00c8 ENS PRESENTA LA SEVA CAPSA DE VIDA\">Llegeix m\u00e9s\u00bb<\/a><\/p>\n","protected":false},"author":6,"featured_media":0,"comment_status":"open","ping_status":"closed","sticky":false,"template":"","format":"standard","meta":{"_bbp_topic_count":0,"_bbp_reply_count":0,"_bbp_total_topic_count":0,"_bbp_total_reply_count":0,"_bbp_voice_count":0,"_bbp_anonymous_reply_count":0,"_bbp_topic_count_hidden":0,"_bbp_reply_count_hidden":0,"_bbp_forum_subforum_count":0,"footnotes":""},"categories":[10,1,4,5],"tags":[],"class_list":["post-3917","post","type-post","status-publish","format-standard","hentry","category-ei5-primer","category-general","category-portada","category-primaria"],"post_mailing_queue_ids":[],"_links":{"self":[{"href":"https:\/\/agora.xtec.cat\/escolamestralvilanova\/wp-json\/wp\/v2\/posts\/3917","targetHints":{"allow":["GET"]}}],"collection":[{"href":"https:\/\/agora.xtec.cat\/escolamestralvilanova\/wp-json\/wp\/v2\/posts"}],"about":[{"href":"https:\/\/agora.xtec.cat\/escolamestralvilanova\/wp-json\/wp\/v2\/types\/post"}],"author":[{"embeddable":true,"href":"https:\/\/agora.xtec.cat\/escolamestralvilanova\/wp-json\/wp\/v2\/users\/6"}],"replies":[{"embeddable":true,"href":"https:\/\/agora.xtec.cat\/escolamestralvilanova\/wp-json\/wp\/v2\/comments?post=3917"}],"version-history":[{"count":3,"href":"https:\/\/agora.xtec.cat\/escolamestralvilanova\/wp-json\/wp\/v2\/posts\/3917\/revisions"}],"predecessor-version":[{"id":3928,"href":"https:\/\/agora.xtec.cat\/escolamestralvilanova\/wp-json\/wp\/v2\/posts\/3917\/revisions\/3928"}],"wp:attachment":[{"href":"https:\/\/agora.xtec.cat\/escolamestralvilanova\/wp-json\/wp\/v2\/media?parent=3917"}],"wp:term":[{"taxonomy":"category","embeddable":true,"href":"https:\/\/agora.xtec.cat\/escolamestralvilanova\/wp-json\/wp\/v2\/categories?post=3917"},{"taxonomy":"post_tag","embeddable":true,"href":"https:\/\/agora.xtec.cat\/escolamestralvilanova\/wp-json\/wp\/v2\/tags?post=3917"}],"curies":[{"name":"wp","href":"https:\/\/api.w.org\/{rel}","templated":true}]}}