{"id":3914,"date":"2020-10-27T17:29:44","date_gmt":"2020-10-27T16:29:44","guid":{"rendered":"http:\/\/agora.xtec.cat\/escolamestralvilanova\/?p=3914"},"modified":"2020-10-27T17:29:53","modified_gmt":"2020-10-27T16:29:53","slug":"pintem-amb-xocolata","status":"publish","type":"post","link":"https:\/\/agora.xtec.cat\/escolamestralvilanova\/infantil\/pintem-amb-xocolata\/","title":{"rendered":"PINTEM AMB XOCOLATA"},"content":{"rendered":"<p>Mireu quines castanyes de cartr\u00f3 hem pintat els infants de l&#8217;escoleta. <img decoding=\"async\" class=\"CToWUd\" src=\"https:\/\/mail.google.com\/mail\/e\/1f58c\" alt=\"\ud83d\udd8c\" data-goomoji=\"1f58c\" data-image-whitelisted=\"\" \/><img decoding=\"async\" class=\"CToWUd\" src=\"https:\/\/mail.google.com\/mail\/e\/1f36b\" alt=\"\ud83c\udf6b\" data-goomoji=\"1f36b\" data-image-whitelisted=\"\" \/><img decoding=\"async\" class=\"CToWUd\" src=\"https:\/\/mail.google.com\/mail\/e\/1f330\" alt=\"\ud83c\udf30\" data-goomoji=\"1f330\" data-image-whitelisted=\"\" \/><\/p>\n<p>Cada nen\/a tenia\u00a0 el seu potet amb xocolata i a part de pintar amb ella alguns tamb\u00e9 l&#8217;han volgut tastar!<img decoding=\"async\" class=\"CToWUd\" src=\"https:\/\/mail.google.com\/mail\/e\/1f60b\" alt=\"\ud83d\ude0b\" data-goomoji=\"1f60b\" data-image-whitelisted=\"\" \/><br \/>\nPosteriorment les adornarem i ens les endurem cap a casa!<\/p>\n<p>A m\u00e9s, hem teatralitzat el conte de la Castanyera per preparant-nos pel divendres i hem cantat i ballat can\u00e7ons t\u00edpiques d&#8217;aquesta festa!! <img decoding=\"async\" class=\"CToWUd\" src=\"https:\/\/mail.google.com\/mail\/e\/1f40c\" alt=\"\ud83d\udc0c\" data-goomoji=\"1f40c\" data-image-whitelisted=\"\" \/><img decoding=\"async\" class=\"CToWUd\" src=\"https:\/\/mail.google.com\/mail\/e\/1f330\" alt=\"\ud83c\udf30\" data-goomoji=\"1f330\" data-image-whitelisted=\"\" \/><img decoding=\"async\" class=\"CToWUd\" src=\"https:\/\/mail.google.com\/mail\/e\/1f3b6\" alt=\"\ud83c\udfb6\" data-goomoji=\"1f3b6\" data-image-whitelisted=\"\" \/><\/p>\n<ul>\n<li><a href=\"https:\/\/photos.google.com\/share\/AF1QipMzE2awd-c5LqXsiZM-_ofARDK1H6jaeBaxRcgSpkzqTKhpbVIkq6TLZ48K2stfcg?key=VWJlWGhlUFdMVXFDdGFPN0NmaVBvUEdsVHY5VWRB\">ENLLA\u00c7 A LES FOTOGRAFIES<\/a><\/li>\n<\/ul>\n<p><a href=\"https:\/\/photos.google.com\/share\/AF1QipMzE2awd-c5LqXsiZM-_ofARDK1H6jaeBaxRcgSpkzqTKhpbVIkq6TLZ48K2stfcg?key=VWJlWGhlUFdMVXFDdGFPN0NmaVBvUEdsVHY5VWRB\"><img loading=\"lazy\" decoding=\"async\" class=\"alignnone size-medium wp-image-3915\" src=\"https:\/\/agora.xtec.cat\/escolamestralvilanova\/wp-content\/uploads\/usu729\/2020\/10\/IMG_20201027_104131-300x253.jpg\" alt=\"\" width=\"300\" height=\"253\" srcset=\"https:\/\/agora.xtec.cat\/escolamestralvilanova\/wp-content\/uploads\/usu729\/2020\/10\/IMG_20201027_104131-300x253.jpg 300w, https:\/\/agora.xtec.cat\/escolamestralvilanova\/wp-content\/uploads\/usu729\/2020\/10\/IMG_20201027_104131-768x648.jpg 768w, https:\/\/agora.xtec.cat\/escolamestralvilanova\/wp-content\/uploads\/usu729\/2020\/10\/IMG_20201027_104131-1024x864.jpg 1024w\" sizes=\"auto, (max-width: 300px) 100vw, 300px\" \/><\/a><\/p>\n","protected":false},"excerpt":{"rendered":"<p>Mireu quines castanyes de cartr\u00f3 hem pintat els infants de l&#8217;escoleta.<br \/>\nCada nen\/a tenia\u00a0 el seu potet amb xocolata i a part de pintar amb ella alguns tamb\u00e9 l&#8217;han volgut tastar!<br \/>\nPosteriorment les adornarem i ens les endurem cap a casa!<br \/>\nA m\u00e9s, hem teatralitzat el conte&hellip;  <a href=\"https:\/\/agora.xtec.cat\/escolamestralvilanova\/infantil\/pintem-amb-xocolata\/\" title=\"Read PINTEM AMB XOCOLATA\">Llegeix m\u00e9s\u00bb<\/a><\/p>\n","protected":false},"author":1,"featured_media":0,"comment_status":"open","ping_status":"closed","sticky":false,"template":"","format":"standard","meta":{"_bbp_topic_count":0,"_bbp_reply_count":0,"_bbp_total_topic_count":0,"_bbp_total_reply_count":0,"_bbp_voice_count":0,"_bbp_anonymous_reply_count":0,"_bbp_topic_count_hidden":0,"_bbp_reply_count_hidden":0,"_bbp_forum_subforum_count":0,"footnotes":""},"categories":[14,59,2,4],"tags":[],"class_list":["post-3914","post","type-post","status-publish","format-standard","hentry","category-ei1-ei2","category-primer-cicle-ed-infantil","category-infantil","category-portada"],"post_mailing_queue_ids":[],"_links":{"self":[{"href":"https:\/\/agora.xtec.cat\/escolamestralvilanova\/wp-json\/wp\/v2\/posts\/3914","targetHints":{"allow":["GET"]}}],"collection":[{"href":"https:\/\/agora.xtec.cat\/escolamestralvilanova\/wp-json\/wp\/v2\/posts"}],"about":[{"href":"https:\/\/agora.xtec.cat\/escolamestralvilanova\/wp-json\/wp\/v2\/types\/post"}],"author":[{"embeddable":true,"href":"https:\/\/agora.xtec.cat\/escolamestralvilanova\/wp-json\/wp\/v2\/users\/1"}],"replies":[{"embeddable":true,"href":"https:\/\/agora.xtec.cat\/escolamestralvilanova\/wp-json\/wp\/v2\/comments?post=3914"}],"version-history":[{"count":1,"href":"https:\/\/agora.xtec.cat\/escolamestralvilanova\/wp-json\/wp\/v2\/posts\/3914\/revisions"}],"predecessor-version":[{"id":3916,"href":"https:\/\/agora.xtec.cat\/escolamestralvilanova\/wp-json\/wp\/v2\/posts\/3914\/revisions\/3916"}],"wp:attachment":[{"href":"https:\/\/agora.xtec.cat\/escolamestralvilanova\/wp-json\/wp\/v2\/media?parent=3914"}],"wp:term":[{"taxonomy":"category","embeddable":true,"href":"https:\/\/agora.xtec.cat\/escolamestralvilanova\/wp-json\/wp\/v2\/categories?post=3914"},{"taxonomy":"post_tag","embeddable":true,"href":"https:\/\/agora.xtec.cat\/escolamestralvilanova\/wp-json\/wp\/v2\/tags?post=3914"}],"curies":[{"name":"wp","href":"https:\/\/api.w.org\/{rel}","templated":true}]}}