{"id":3902,"date":"2020-10-26T12:47:03","date_gmt":"2020-10-26T11:47:03","guid":{"rendered":"http:\/\/agora.xtec.cat\/escolamestralvilanova\/?p=3902"},"modified":"2020-10-26T12:48:08","modified_gmt":"2020-10-26T11:48:08","slug":"fem-votacions","status":"publish","type":"post","link":"https:\/\/agora.xtec.cat\/escolamestralvilanova\/portada\/fem-votacions\/","title":{"rendered":"FEM VOTACIONS"},"content":{"rendered":"<p style=\"text-align: justify;\">Avui els alumnes\u00a0 de sis\u00e8 hem acabat el proc\u00e9s electoral tot realitzant les votacions, d&#8217;aquesta manera, despr\u00e9s de constituir la mesa electoral i comprovar el cens electoral hem iniciat les votacions i una vegada realitzat el recompte&#8230;<\/p>\n<p style=\"text-align: justify;\">Ja tenim delegada i sotsdelegat!<\/p>\n<ul>\n<li><a href=\"https:\/\/photos.app.goo.gl\/nfe9nip2xD3bGvoE7\">ENLLA\u00c7 A LES FOTOGRAFIES<\/a><\/li>\n<\/ul>\n<p><a href=\"https:\/\/photos.app.goo.gl\/nfe9nip2xD3bGvoE7\"><img loading=\"lazy\" decoding=\"async\" class=\"alignnone wp-image-3903 size-full\" src=\"https:\/\/agora.xtec.cat\/escolamestralvilanova\/wp-content\/uploads\/usu729\/2020\/10\/Imatge1.png\" alt=\"\" width=\"640\" height=\"320\" srcset=\"https:\/\/agora.xtec.cat\/escolamestralvilanova\/wp-content\/uploads\/usu729\/2020\/10\/Imatge1.png 640w, https:\/\/agora.xtec.cat\/escolamestralvilanova\/wp-content\/uploads\/usu729\/2020\/10\/Imatge1-300x150.png 300w\" sizes=\"auto, (max-width: 640px) 100vw, 640px\" \/><\/a><\/p>\n","protected":false},"excerpt":{"rendered":"<p>Avui els alumnes\u00a0 de sis\u00e8 hem acabat el proc\u00e9s electoral tot realitzant les votacions, d&#8217;aquesta manera, despr\u00e9s de constituir la mesa electoral i comprovar el cens electoral hem iniciat les votacions i una vegada realitzat el recompte&#8230;<br \/>\nJa tenim delegada i sotsdelegat!<\/p>\n<ul>\n<li><a href=\"https:\/\/photos.app.goo.gl\/nfe9nip2xD3bGvoE7\">ENLLA\u00c7 A LES FOTOGRAFIES<\/a><\/li>\n<\/ul>\n<p><a&hellip;  <a href=\"https:\/\/agora.xtec.cat\/escolamestralvilanova\/portada\/fem-votacions\/\" title=\"Read FEM VOTACIONS\">Llegeix m\u00e9s\u00bb<\/a><\/p>\n","protected":false},"author":1,"featured_media":0,"comment_status":"open","ping_status":"closed","sticky":false,"template":"","format":"standard","meta":{"_bbp_topic_count":0,"_bbp_reply_count":0,"_bbp_total_topic_count":0,"_bbp_total_reply_count":0,"_bbp_voice_count":0,"_bbp_anonymous_reply_count":0,"_bbp_topic_count_hidden":0,"_bbp_reply_count_hidden":0,"_bbp_forum_subforum_count":0,"footnotes":""},"categories":[15,4,5],"tags":[],"class_list":["post-3902","post","type-post","status-publish","format-standard","hentry","category-cicle-superior","category-portada","category-primaria"],"post_mailing_queue_ids":[],"_links":{"self":[{"href":"https:\/\/agora.xtec.cat\/escolamestralvilanova\/wp-json\/wp\/v2\/posts\/3902","targetHints":{"allow":["GET"]}}],"collection":[{"href":"https:\/\/agora.xtec.cat\/escolamestralvilanova\/wp-json\/wp\/v2\/posts"}],"about":[{"href":"https:\/\/agora.xtec.cat\/escolamestralvilanova\/wp-json\/wp\/v2\/types\/post"}],"author":[{"embeddable":true,"href":"https:\/\/agora.xtec.cat\/escolamestralvilanova\/wp-json\/wp\/v2\/users\/1"}],"replies":[{"embeddable":true,"href":"https:\/\/agora.xtec.cat\/escolamestralvilanova\/wp-json\/wp\/v2\/comments?post=3902"}],"version-history":[{"count":3,"href":"https:\/\/agora.xtec.cat\/escolamestralvilanova\/wp-json\/wp\/v2\/posts\/3902\/revisions"}],"predecessor-version":[{"id":3906,"href":"https:\/\/agora.xtec.cat\/escolamestralvilanova\/wp-json\/wp\/v2\/posts\/3902\/revisions\/3906"}],"wp:attachment":[{"href":"https:\/\/agora.xtec.cat\/escolamestralvilanova\/wp-json\/wp\/v2\/media?parent=3902"}],"wp:term":[{"taxonomy":"category","embeddable":true,"href":"https:\/\/agora.xtec.cat\/escolamestralvilanova\/wp-json\/wp\/v2\/categories?post=3902"},{"taxonomy":"post_tag","embeddable":true,"href":"https:\/\/agora.xtec.cat\/escolamestralvilanova\/wp-json\/wp\/v2\/tags?post=3902"}],"curies":[{"name":"wp","href":"https:\/\/api.w.org\/{rel}","templated":true}]}}