{"id":3886,"date":"2020-10-26T09:11:19","date_gmt":"2020-10-26T08:11:19","guid":{"rendered":"http:\/\/agora.xtec.cat\/escolamestralvilanova\/?p=3886"},"modified":"2020-10-24T21:13:27","modified_gmt":"2020-10-24T19:13:27","slug":"quina-canco-esta-sonant","status":"publish","type":"post","link":"https:\/\/agora.xtec.cat\/escolamestralvilanova\/portada\/quina-canco-esta-sonant\/","title":{"rendered":"QUINA CAN\u00c7\u00d3 EST\u00c0 SONANT?"},"content":{"rendered":"<p style=\"text-align: justify;\">A partir d&#8217;avui a les entrades de l&#8217;escola est\u00e0 sonant la can\u00e7\u00f3 &#8220;Resistir\u00e9&#8221;. Aquesta ha estat escollida pels alumnes de sis\u00e8 despr\u00e9s de realitzar una votaci\u00f3 entre les seves <a href=\"https:\/\/agora.xtec.cat\/escolamestralvilanova\/general\/la-meva-canco\/\">can\u00e7ons preferides<\/a>.<\/p>\n<p style=\"text-align: justify;\">La can\u00e7\u00f3 &#8220;Resistir\u00e9&#8221; \u00e9s del grup &#8220;El Duo Din\u00e1mico&#8221;. El Duo Dinamico \u00e9s un grup format el 1958 per Manuel de la Calva i Ramon Arcusa, dos joves de Barcelona que es van con\u00e8ixer en una f\u00e0brica de motors de aviaci\u00f3. Els dos eren aficionats a la m\u00fasica.<\/p>\n<p style=\"text-align: justify;\">La primera actuaci\u00f3 oficial va ser el 28 de Desembre de 1958 en el programa &#8220;La comarca nos visita de radio Barcelona&#8221;.<\/p>\n<p style=\"text-align: justify;\">El seu primer disc el van treure al 1959 on el primer tema va ser Record\u00e1ndote i el seu primer gran \u00e8xit a nivell internacional va ser quan van posar les seves can\u00e7ons en una pel\u00b7l\u00edcula.<\/p>\n<p style=\"text-align: justify;\">Esperem que us agradi!<\/p>\n<p><iframe loading=\"lazy\" src=\"https:\/\/www.youtube.com\/embed\/K1rKj6XMt4Q\" width=\"560\" height=\"315\" frameborder=\"0\"><\/iframe><\/p>\n","protected":false},"excerpt":{"rendered":"<p>A partir d&#8217;avui a les entrades de l&#8217;escola est\u00e0 sonant la can\u00e7\u00f3 &#8220;Resistir\u00e9&#8221;. Aquesta ha estat escollida pels alumnes de sis\u00e8 despr\u00e9s de realitzar una votaci\u00f3 entre les seves <a href=\"https:\/\/agora.xtec.cat\/escolamestralvilanova\/general\/la-meva-canco\/\">can\u00e7ons preferides<\/a>.<br \/>\nLa can\u00e7\u00f3 &#8220;Resistir\u00e9&#8221; \u00e9s del grup &#8220;El Duo Din\u00e1mico&#8221;. El Duo Dinamico \u00e9s un&hellip;  <a href=\"https:\/\/agora.xtec.cat\/escolamestralvilanova\/portada\/quina-canco-esta-sonant\/\" title=\"Read QUINA CAN\u00c7\u00d3 EST\u00c0 SONANT?\">Llegeix m\u00e9s\u00bb<\/a><\/p>\n","protected":false},"author":1,"featured_media":0,"comment_status":"open","ping_status":"closed","sticky":false,"template":"","format":"standard","meta":{"_bbp_topic_count":0,"_bbp_reply_count":0,"_bbp_total_topic_count":0,"_bbp_total_reply_count":0,"_bbp_voice_count":0,"_bbp_anonymous_reply_count":0,"_bbp_topic_count_hidden":0,"_bbp_reply_count_hidden":0,"_bbp_forum_subforum_count":0,"footnotes":""},"categories":[15,53,4,5],"tags":[],"class_list":["post-3886","post","type-post","status-publish","format-standard","hentry","category-cicle-superior","category-lespai-musical","category-portada","category-primaria"],"post_mailing_queue_ids":[],"_links":{"self":[{"href":"https:\/\/agora.xtec.cat\/escolamestralvilanova\/wp-json\/wp\/v2\/posts\/3886","targetHints":{"allow":["GET"]}}],"collection":[{"href":"https:\/\/agora.xtec.cat\/escolamestralvilanova\/wp-json\/wp\/v2\/posts"}],"about":[{"href":"https:\/\/agora.xtec.cat\/escolamestralvilanova\/wp-json\/wp\/v2\/types\/post"}],"author":[{"embeddable":true,"href":"https:\/\/agora.xtec.cat\/escolamestralvilanova\/wp-json\/wp\/v2\/users\/1"}],"replies":[{"embeddable":true,"href":"https:\/\/agora.xtec.cat\/escolamestralvilanova\/wp-json\/wp\/v2\/comments?post=3886"}],"version-history":[{"count":2,"href":"https:\/\/agora.xtec.cat\/escolamestralvilanova\/wp-json\/wp\/v2\/posts\/3886\/revisions"}],"predecessor-version":[{"id":3889,"href":"https:\/\/agora.xtec.cat\/escolamestralvilanova\/wp-json\/wp\/v2\/posts\/3886\/revisions\/3889"}],"wp:attachment":[{"href":"https:\/\/agora.xtec.cat\/escolamestralvilanova\/wp-json\/wp\/v2\/media?parent=3886"}],"wp:term":[{"taxonomy":"category","embeddable":true,"href":"https:\/\/agora.xtec.cat\/escolamestralvilanova\/wp-json\/wp\/v2\/categories?post=3886"},{"taxonomy":"post_tag","embeddable":true,"href":"https:\/\/agora.xtec.cat\/escolamestralvilanova\/wp-json\/wp\/v2\/tags?post=3886"}],"curies":[{"name":"wp","href":"https:\/\/api.w.org\/{rel}","templated":true}]}}