{"id":3851,"date":"2020-10-22T09:26:31","date_gmt":"2020-10-22T07:26:31","guid":{"rendered":"http:\/\/agora.xtec.cat\/escolamestralvilanova\/?p=3851"},"modified":"2020-10-22T09:40:10","modified_gmt":"2020-10-22T07:40:10","slug":"ja-tenim-les-capses-de-vida-preparades","status":"publish","type":"post","link":"https:\/\/agora.xtec.cat\/escolamestralvilanova\/general\/ja-tenim-les-capses-de-vida-preparades\/","title":{"rendered":"JA TENIM LES CAPSES DE VIDA PREPARADES!"},"content":{"rendered":"<p style=\"text-align: justify;\">Els infants de primer ja tenim les nostres <strong>Capses de vida<\/strong> preparades!<\/p>\n<p style=\"text-align: justify;\">Les<strong> &#8220;capses de vida&#8221;<\/strong> s\u00f3n un recull d&#8217;emocions, records, sentiments, creacions, produccions, objectes significatius&#8230; que cada infant realitzar\u00e0 amb l\u2019ajut de vosaltres, les fam\u00edlies, i que posteriorment presentar\u00e0 al grup classe.<\/p>\n<p style=\"text-align: justify;\">En aquesta capsa hi haureu de posar fotografies, dibuixos, objectes especials i tot all\u00f2 que sigui representatiu de la vostra fam\u00edlia.<\/p>\n<p style=\"text-align: justify;\">La intenci\u00f3 d\u2019aquesta activitat \u00e9s que cada alumne expliqui la seva capsa de vida i aix\u00ed puguem con\u00e8ixer millor l\u2019infant i la seva fam\u00edlia, tot practicant l\u2019expressi\u00f3 oral. Gravarem la seva explicaci\u00f3 en v\u00eddeo per tal de poder compartir-la amb les fam\u00edlies.<\/p>\n<p style=\"text-align: justify;\">Tenim moltes ganes d&#8217;iniciar aquesta activitat!<\/p>\n<p><a href=\"https:\/\/agora.xtec.cat\/escolamestralvilanova\/wp-content\/uploads\/usu729\/2020\/10\/IMG-4335.jpg\"><img loading=\"lazy\" decoding=\"async\" class=\"aligncenter wp-image-3856 size-full\" src=\"https:\/\/agora.xtec.cat\/escolamestralvilanova\/wp-content\/uploads\/usu729\/2020\/10\/IMG-4335.jpg\" alt=\"\" width=\"640\" height=\"480\" srcset=\"https:\/\/agora.xtec.cat\/escolamestralvilanova\/wp-content\/uploads\/usu729\/2020\/10\/IMG-4335.jpg 640w, https:\/\/agora.xtec.cat\/escolamestralvilanova\/wp-content\/uploads\/usu729\/2020\/10\/IMG-4335-300x225.jpg 300w, https:\/\/agora.xtec.cat\/escolamestralvilanova\/wp-content\/uploads\/usu729\/2020\/10\/IMG-4335-200x150.jpg 200w\" sizes=\"auto, (max-width: 640px) 100vw, 640px\" \/><\/a><\/p>\n","protected":false},"excerpt":{"rendered":"<p>Els infants de primer ja tenim les nostres Capses de vida preparades!<br \/>\nLes &#8220;capses de vida&#8221; s\u00f3n un recull d&#8217;emocions, records, sentiments, creacions, produccions, objectes significatius&#8230; que cada infant realitzar\u00e0 amb l\u2019ajut de vosaltres, les fam\u00edlies, i que posteriorment presentar\u00e0 al grup classe.<br \/>\nEn aquesta capsa hi&hellip;  <a href=\"https:\/\/agora.xtec.cat\/escolamestralvilanova\/general\/ja-tenim-les-capses-de-vida-preparades\/\" title=\"Read JA TENIM LES CAPSES DE VIDA PREPARADES!\">Llegeix m\u00e9s\u00bb<\/a><\/p>\n","protected":false},"author":6,"featured_media":0,"comment_status":"open","ping_status":"closed","sticky":false,"template":"","format":"standard","meta":{"_bbp_topic_count":0,"_bbp_reply_count":0,"_bbp_total_topic_count":0,"_bbp_total_reply_count":0,"_bbp_voice_count":0,"_bbp_anonymous_reply_count":0,"_bbp_topic_count_hidden":0,"_bbp_reply_count_hidden":0,"_bbp_forum_subforum_count":0,"footnotes":""},"categories":[10,1,4,5],"tags":[],"class_list":["post-3851","post","type-post","status-publish","format-standard","hentry","category-ei5-primer","category-general","category-portada","category-primaria"],"post_mailing_queue_ids":[],"_links":{"self":[{"href":"https:\/\/agora.xtec.cat\/escolamestralvilanova\/wp-json\/wp\/v2\/posts\/3851","targetHints":{"allow":["GET"]}}],"collection":[{"href":"https:\/\/agora.xtec.cat\/escolamestralvilanova\/wp-json\/wp\/v2\/posts"}],"about":[{"href":"https:\/\/agora.xtec.cat\/escolamestralvilanova\/wp-json\/wp\/v2\/types\/post"}],"author":[{"embeddable":true,"href":"https:\/\/agora.xtec.cat\/escolamestralvilanova\/wp-json\/wp\/v2\/users\/6"}],"replies":[{"embeddable":true,"href":"https:\/\/agora.xtec.cat\/escolamestralvilanova\/wp-json\/wp\/v2\/comments?post=3851"}],"version-history":[{"count":2,"href":"https:\/\/agora.xtec.cat\/escolamestralvilanova\/wp-json\/wp\/v2\/posts\/3851\/revisions"}],"predecessor-version":[{"id":3858,"href":"https:\/\/agora.xtec.cat\/escolamestralvilanova\/wp-json\/wp\/v2\/posts\/3851\/revisions\/3858"}],"wp:attachment":[{"href":"https:\/\/agora.xtec.cat\/escolamestralvilanova\/wp-json\/wp\/v2\/media?parent=3851"}],"wp:term":[{"taxonomy":"category","embeddable":true,"href":"https:\/\/agora.xtec.cat\/escolamestralvilanova\/wp-json\/wp\/v2\/categories?post=3851"},{"taxonomy":"post_tag","embeddable":true,"href":"https:\/\/agora.xtec.cat\/escolamestralvilanova\/wp-json\/wp\/v2\/tags?post=3851"}],"curies":[{"name":"wp","href":"https:\/\/api.w.org\/{rel}","templated":true}]}}