{"id":3842,"date":"2020-10-20T15:23:08","date_gmt":"2020-10-20T13:23:08","guid":{"rendered":"http:\/\/agora.xtec.cat\/escolamestralvilanova\/?p=3842"},"modified":"2020-10-20T15:23:57","modified_gmt":"2020-10-20T13:23:57","slug":"experimentem-amb-moniato-i-carabassa","status":"publish","type":"post","link":"https:\/\/agora.xtec.cat\/escolamestralvilanova\/infantil\/experimentem-amb-moniato-i-carabassa\/","title":{"rendered":"EXPERIMENTEM AMB MONIATO I CARABASSA"},"content":{"rendered":"<p style=\"text-align: justify;\">L&#8217;altre dia un ve\u00ed del poble ens va proporcionar unes carabasses i uns moniatos.<img decoding=\"async\" class=\"CToWUd\" src=\"https:\/\/mail.google.com\/mail\/e\/1f360\" alt=\"\ud83c\udf60\" data-goomoji=\"1f360\" data-image-whitelisted=\"\" \/> Els infants de l&#8217;Escoleta hem experimentat amb aquests fruits t\u00edpics de tardor. Primer els hem vist crus. Seguidament, els hem obert i hem observat com s\u00f3n per dins i hem descobert que la carabassa t\u00e9 llavors.<br \/>\nDespr\u00e9s els hem vist cuits i els hem tastat, que bons que estaven!!\u00a0<img decoding=\"async\" class=\"CToWUd\" src=\"https:\/\/mail.google.com\/mail\/e\/1f60b\" alt=\"\ud83d\ude0b\" data-goomoji=\"1f60b\" data-image-whitelisted=\"\" \/><br \/>\nPer \u00faltim, hem pintat amb ells tot fent un mural!<\/p>\n<ul>\n<li><a href=\"https:\/\/photos.app.goo.gl\/4DGqNhXHMJYMucgb6\">ENLLA\u00c7 A LES FOTOGRAFIES<\/a><\/li>\n<\/ul>\n<p><a href=\"https:\/\/photos.app.goo.gl\/4DGqNhXHMJYMucgb6\"><img loading=\"lazy\" decoding=\"async\" class=\"alignnone size-medium wp-image-3843\" src=\"https:\/\/agora.xtec.cat\/escolamestralvilanova\/wp-content\/uploads\/usu729\/2020\/10\/IMG_20201020_103211-300x266.jpg\" alt=\"\" width=\"300\" height=\"266\" srcset=\"https:\/\/agora.xtec.cat\/escolamestralvilanova\/wp-content\/uploads\/usu729\/2020\/10\/IMG_20201020_103211-300x266.jpg 300w, https:\/\/agora.xtec.cat\/escolamestralvilanova\/wp-content\/uploads\/usu729\/2020\/10\/IMG_20201020_103211-768x681.jpg 768w, https:\/\/agora.xtec.cat\/escolamestralvilanova\/wp-content\/uploads\/usu729\/2020\/10\/IMG_20201020_103211-1024x909.jpg 1024w\" sizes=\"auto, (max-width: 300px) 100vw, 300px\" \/><\/a><\/p>\n","protected":false},"excerpt":{"rendered":"<p>L&#8217;altre dia un ve\u00ed del poble ens va proporcionar unes carabasses i uns moniatos. Els infants de l&#8217;Escoleta hem experimentat amb aquests fruits t\u00edpics de tardor. Primer els hem vist crus. Seguidament, els hem obert i hem observat com s\u00f3n per dins i hem descobert&hellip;  <a href=\"https:\/\/agora.xtec.cat\/escolamestralvilanova\/infantil\/experimentem-amb-moniato-i-carabassa\/\" title=\"Read EXPERIMENTEM AMB MONIATO I CARABASSA\">Llegeix m\u00e9s\u00bb<\/a><\/p>\n","protected":false},"author":1,"featured_media":0,"comment_status":"open","ping_status":"closed","sticky":false,"template":"","format":"standard","meta":{"_bbp_topic_count":0,"_bbp_reply_count":0,"_bbp_total_topic_count":0,"_bbp_total_reply_count":0,"_bbp_voice_count":0,"_bbp_anonymous_reply_count":0,"_bbp_topic_count_hidden":0,"_bbp_reply_count_hidden":0,"_bbp_forum_subforum_count":0,"footnotes":""},"categories":[14,59,2,4],"tags":[],"class_list":["post-3842","post","type-post","status-publish","format-standard","hentry","category-ei1-ei2","category-primer-cicle-ed-infantil","category-infantil","category-portada"],"post_mailing_queue_ids":[],"_links":{"self":[{"href":"https:\/\/agora.xtec.cat\/escolamestralvilanova\/wp-json\/wp\/v2\/posts\/3842","targetHints":{"allow":["GET"]}}],"collection":[{"href":"https:\/\/agora.xtec.cat\/escolamestralvilanova\/wp-json\/wp\/v2\/posts"}],"about":[{"href":"https:\/\/agora.xtec.cat\/escolamestralvilanova\/wp-json\/wp\/v2\/types\/post"}],"author":[{"embeddable":true,"href":"https:\/\/agora.xtec.cat\/escolamestralvilanova\/wp-json\/wp\/v2\/users\/1"}],"replies":[{"embeddable":true,"href":"https:\/\/agora.xtec.cat\/escolamestralvilanova\/wp-json\/wp\/v2\/comments?post=3842"}],"version-history":[{"count":1,"href":"https:\/\/agora.xtec.cat\/escolamestralvilanova\/wp-json\/wp\/v2\/posts\/3842\/revisions"}],"predecessor-version":[{"id":3844,"href":"https:\/\/agora.xtec.cat\/escolamestralvilanova\/wp-json\/wp\/v2\/posts\/3842\/revisions\/3844"}],"wp:attachment":[{"href":"https:\/\/agora.xtec.cat\/escolamestralvilanova\/wp-json\/wp\/v2\/media?parent=3842"}],"wp:term":[{"taxonomy":"category","embeddable":true,"href":"https:\/\/agora.xtec.cat\/escolamestralvilanova\/wp-json\/wp\/v2\/categories?post=3842"},{"taxonomy":"post_tag","embeddable":true,"href":"https:\/\/agora.xtec.cat\/escolamestralvilanova\/wp-json\/wp\/v2\/tags?post=3842"}],"curies":[{"name":"wp","href":"https:\/\/api.w.org\/{rel}","templated":true}]}}