{"id":3835,"date":"2020-10-19T18:35:55","date_gmt":"2020-10-19T16:35:55","guid":{"rendered":"http:\/\/agora.xtec.cat\/escolamestralvilanova\/?p=3835"},"modified":"2020-10-19T18:40:36","modified_gmt":"2020-10-19T16:40:36","slug":"plantem-a-lhort","status":"publish","type":"post","link":"https:\/\/agora.xtec.cat\/escolamestralvilanova\/general\/plantem-a-lhort\/","title":{"rendered":"PLANTEM A L&#8217;HORT!"},"content":{"rendered":"<p>Aquest mat\u00ed els infants de l&#8217;escoleta hem anat a l&#8217;hort. All\u00ed, hem agafat flors de tupinambo i ens les hem endut cap a casa, mireu quin color groguenc que tenen !<\/p>\n<p>Tamb\u00e9 hem plantat enciams: hi hem fet un forat, hem introdu\u00eft el planter, l&#8217;hem tapat amb terra, i ho hem regat. Ara nom\u00e9s hem d&#8217;esperar a que creixi!!! <img decoding=\"async\" class=\"CToWUd\" src=\"https:\/\/mail.google.com\/mail\/e\/1f331\" alt=\"\ud83c\udf31\" data-goomoji=\"1f331\" data-image-whitelisted=\"\" \/>\ud83e\udd6c<\/p>\n<ul>\n<li><a href=\"https:\/\/photos.google.com\/share\/AF1QipP96leuUAtNPvKt94A6LXjqgusz_lnVKTrUDm6jmTYJ8pup2vHtSv1yVFASU1ULrA?key=SmJyWm1xSW1rd28yaWZLZU92eGZQeE9hQjhyOVJn\">ENLLA\u00c7 A LES FOTOGRAFIES<\/a><\/li>\n<\/ul>\n<p><a href=\"https:\/\/photos.google.com\/share\/AF1QipP96leuUAtNPvKt94A6LXjqgusz_lnVKTrUDm6jmTYJ8pup2vHtSv1yVFASU1ULrA?key=SmJyWm1xSW1rd28yaWZLZU92eGZQeE9hQjhyOVJn\"><img loading=\"lazy\" decoding=\"async\" class=\"alignnone wp-image-3836 size-medium\" src=\"https:\/\/agora.xtec.cat\/escolamestralvilanova\/wp-content\/uploads\/usu729\/2020\/10\/IMG_20201019_102735-e1603125325266-300x300.jpg\" alt=\"\" width=\"300\" height=\"300\" srcset=\"https:\/\/agora.xtec.cat\/escolamestralvilanova\/wp-content\/uploads\/usu729\/2020\/10\/IMG_20201019_102735-e1603125325266-300x300.jpg 300w, https:\/\/agora.xtec.cat\/escolamestralvilanova\/wp-content\/uploads\/usu729\/2020\/10\/IMG_20201019_102735-e1603125325266-150x150.jpg 150w, https:\/\/agora.xtec.cat\/escolamestralvilanova\/wp-content\/uploads\/usu729\/2020\/10\/IMG_20201019_102735-e1603125325266-768x768.jpg 768w, https:\/\/agora.xtec.cat\/escolamestralvilanova\/wp-content\/uploads\/usu729\/2020\/10\/IMG_20201019_102735-e1603125325266-1024x1024.jpg 1024w\" sizes=\"auto, (max-width: 300px) 100vw, 300px\" \/><\/a><\/p>\n","protected":false},"excerpt":{"rendered":"<p>Aquest mat\u00ed els infants de l&#8217;escoleta hem anat a l&#8217;hort. All\u00ed, hem agafat flors de tupinambo i ens les hem endut cap a casa, mireu quin color groguenc que tenen !<br \/>\nTamb\u00e9 hem plantat enciams: hi hem fet un forat, hem introdu\u00eft el planter, l&#8217;hem tapat&hellip;  <a href=\"https:\/\/agora.xtec.cat\/escolamestralvilanova\/general\/plantem-a-lhort\/\" title=\"Read PLANTEM A L&#8217;HORT!\">Llegeix m\u00e9s\u00bb<\/a><\/p>\n","protected":false},"author":1,"featured_media":0,"comment_status":"open","ping_status":"closed","sticky":false,"template":"","format":"standard","meta":{"_bbp_topic_count":0,"_bbp_reply_count":0,"_bbp_total_topic_count":0,"_bbp_total_reply_count":0,"_bbp_voice_count":0,"_bbp_anonymous_reply_count":0,"_bbp_topic_count_hidden":0,"_bbp_reply_count_hidden":0,"_bbp_forum_subforum_count":0,"footnotes":""},"categories":[14,59,1,2,4],"tags":[],"class_list":["post-3835","post","type-post","status-publish","format-standard","hentry","category-ei1-ei2","category-primer-cicle-ed-infantil","category-general","category-infantil","category-portada"],"post_mailing_queue_ids":[],"_links":{"self":[{"href":"https:\/\/agora.xtec.cat\/escolamestralvilanova\/wp-json\/wp\/v2\/posts\/3835","targetHints":{"allow":["GET"]}}],"collection":[{"href":"https:\/\/agora.xtec.cat\/escolamestralvilanova\/wp-json\/wp\/v2\/posts"}],"about":[{"href":"https:\/\/agora.xtec.cat\/escolamestralvilanova\/wp-json\/wp\/v2\/types\/post"}],"author":[{"embeddable":true,"href":"https:\/\/agora.xtec.cat\/escolamestralvilanova\/wp-json\/wp\/v2\/users\/1"}],"replies":[{"embeddable":true,"href":"https:\/\/agora.xtec.cat\/escolamestralvilanova\/wp-json\/wp\/v2\/comments?post=3835"}],"version-history":[{"count":1,"href":"https:\/\/agora.xtec.cat\/escolamestralvilanova\/wp-json\/wp\/v2\/posts\/3835\/revisions"}],"predecessor-version":[{"id":3837,"href":"https:\/\/agora.xtec.cat\/escolamestralvilanova\/wp-json\/wp\/v2\/posts\/3835\/revisions\/3837"}],"wp:attachment":[{"href":"https:\/\/agora.xtec.cat\/escolamestralvilanova\/wp-json\/wp\/v2\/media?parent=3835"}],"wp:term":[{"taxonomy":"category","embeddable":true,"href":"https:\/\/agora.xtec.cat\/escolamestralvilanova\/wp-json\/wp\/v2\/categories?post=3835"},{"taxonomy":"post_tag","embeddable":true,"href":"https:\/\/agora.xtec.cat\/escolamestralvilanova\/wp-json\/wp\/v2\/tags?post=3835"}],"curies":[{"name":"wp","href":"https:\/\/api.w.org\/{rel}","templated":true}]}}