{"id":3829,"date":"2020-10-16T13:01:21","date_gmt":"2020-10-16T11:01:21","guid":{"rendered":"http:\/\/agora.xtec.cat\/escolamestralvilanova\/?p=3829"},"modified":"2020-10-16T13:01:26","modified_gmt":"2020-10-16T11:01:26","slug":"anem-a-comprar-planter","status":"publish","type":"post","link":"https:\/\/agora.xtec.cat\/escolamestralvilanova\/infantil\/anem-a-comprar-planter\/","title":{"rendered":"ANEM A COMPRAR PLANTER"},"content":{"rendered":"<p>Els nens i nenes d&#8217;educaci\u00f3 Infantil hem anat a buscar planter a la parada del Jarana que com sempre ens ha tractat d&#8217;all\u00f2 m\u00e9s b\u00e9.<\/p>\n<p>Ara, l&#8217;haurem de plantar a l&#8217;hort de l&#8217;escola!<\/p>\n<ul>\n<li><a href=\"https:\/\/photos.app.goo.gl\/oSASGCV6DFesEAND8\">ENLLA\u00c7 A LES FOTOGRAFIES<\/a><\/li>\n<\/ul>\n<p><a href=\"https:\/\/photos.app.goo.gl\/oSASGCV6DFesEAND8\"><img loading=\"lazy\" decoding=\"async\" class=\"alignnone size-medium wp-image-3830\" src=\"https:\/\/agora.xtec.cat\/escolamestralvilanova\/wp-content\/uploads\/usu729\/2020\/10\/IMG_5480-300x225.jpg\" alt=\"\" width=\"300\" height=\"225\" srcset=\"https:\/\/agora.xtec.cat\/escolamestralvilanova\/wp-content\/uploads\/usu729\/2020\/10\/IMG_5480-300x225.jpg 300w, https:\/\/agora.xtec.cat\/escolamestralvilanova\/wp-content\/uploads\/usu729\/2020\/10\/IMG_5480-200x150.jpg 200w, https:\/\/agora.xtec.cat\/escolamestralvilanova\/wp-content\/uploads\/usu729\/2020\/10\/IMG_5480.jpg 640w\" sizes=\"auto, (max-width: 300px) 100vw, 300px\" \/><\/a><\/p>\n","protected":false},"excerpt":{"rendered":"<p>Els nens i nenes d&#8217;educaci\u00f3 Infantil hem anat a buscar planter a la parada del Jarana que com sempre ens ha tractat d&#8217;all\u00f2 m\u00e9s b\u00e9.<br \/>\nAra, l&#8217;haurem de plantar a l&#8217;hort de l&#8217;escola!<\/p>\n<ul>\n<li><a href=\"https:\/\/photos.app.goo.gl\/oSASGCV6DFesEAND8\">ENLLA\u00c7 A LES FOTOGRAFIES<\/a><\/li>\n<\/ul>\n<p><a href=\"https:\/\/photos.app.goo.gl\/oSASGCV6DFesEAND8\"><\/a><\/p>\n","protected":false},"author":1,"featured_media":0,"comment_status":"open","ping_status":"closed","sticky":false,"template":"","format":"standard","meta":{"_bbp_topic_count":0,"_bbp_reply_count":0,"_bbp_total_topic_count":0,"_bbp_total_reply_count":0,"_bbp_voice_count":0,"_bbp_anonymous_reply_count":0,"_bbp_topic_count_hidden":0,"_bbp_reply_count_hidden":0,"_bbp_forum_subforum_count":0,"footnotes":""},"categories":[3,8,9,23,2,4],"tags":[],"class_list":["post-3829","post","type-post","status-publish","format-standard","hentry","category-ei3-ei4-ei5","category-ei4","category-ei5","category-escola-verda","category-infantil","category-portada"],"post_mailing_queue_ids":[],"_links":{"self":[{"href":"https:\/\/agora.xtec.cat\/escolamestralvilanova\/wp-json\/wp\/v2\/posts\/3829","targetHints":{"allow":["GET"]}}],"collection":[{"href":"https:\/\/agora.xtec.cat\/escolamestralvilanova\/wp-json\/wp\/v2\/posts"}],"about":[{"href":"https:\/\/agora.xtec.cat\/escolamestralvilanova\/wp-json\/wp\/v2\/types\/post"}],"author":[{"embeddable":true,"href":"https:\/\/agora.xtec.cat\/escolamestralvilanova\/wp-json\/wp\/v2\/users\/1"}],"replies":[{"embeddable":true,"href":"https:\/\/agora.xtec.cat\/escolamestralvilanova\/wp-json\/wp\/v2\/comments?post=3829"}],"version-history":[{"count":1,"href":"https:\/\/agora.xtec.cat\/escolamestralvilanova\/wp-json\/wp\/v2\/posts\/3829\/revisions"}],"predecessor-version":[{"id":3831,"href":"https:\/\/agora.xtec.cat\/escolamestralvilanova\/wp-json\/wp\/v2\/posts\/3829\/revisions\/3831"}],"wp:attachment":[{"href":"https:\/\/agora.xtec.cat\/escolamestralvilanova\/wp-json\/wp\/v2\/media?parent=3829"}],"wp:term":[{"taxonomy":"category","embeddable":true,"href":"https:\/\/agora.xtec.cat\/escolamestralvilanova\/wp-json\/wp\/v2\/categories?post=3829"},{"taxonomy":"post_tag","embeddable":true,"href":"https:\/\/agora.xtec.cat\/escolamestralvilanova\/wp-json\/wp\/v2\/tags?post=3829"}],"curies":[{"name":"wp","href":"https:\/\/api.w.org\/{rel}","templated":true}]}}