{"id":3821,"date":"2020-10-15T16:49:07","date_gmt":"2020-10-15T14:49:07","guid":{"rendered":"http:\/\/agora.xtec.cat\/escolamestralvilanova\/?p=3821"},"modified":"2020-10-15T16:53:04","modified_gmt":"2020-10-15T14:53:04","slug":"minimons-tardor","status":"publish","type":"post","link":"https:\/\/agora.xtec.cat\/escolamestralvilanova\/infantil\/minimons-tardor\/","title":{"rendered":"MINIMONS TARDOR!"},"content":{"rendered":"<p style=\"text-align: justify;\">Avui ens hem trobat uns minimons de tardor a l&#8217;aula fets d&#8217;elements naturals (que vam recollir ahir durant la sortida), d&#8217;animalets, pa ratllat i pasta de colors<img decoding=\"async\" class=\"CToWUd\" src=\"https:\/\/mail.google.com\/mail\/e\/1f41e\" alt=\"\ud83d\udc1e\" data-goomoji=\"1f41e\" data-image-whitelisted=\"\" \/><img decoding=\"async\" class=\"CToWUd\" src=\"https:\/\/mail.google.com\/mail\/e\/1f341\" alt=\"\ud83c\udf41\" data-goomoji=\"1f341\" data-image-whitelisted=\"\" \/><img decoding=\"async\" class=\"CToWUd\" src=\"https:\/\/mail.google.com\/mail\/e\/1f41c\" alt=\"\ud83d\udc1c\" data-goomoji=\"1f41c\" data-image-whitelisted=\"\" \/><\/p>\n<p style=\"text-align: justify;\">Ens ha encantat fer joc simb\u00f2lic, trasbalsaments&#8230;<\/p>\n<p style=\"text-align: justify;\">Tamb\u00e9 ens hem deixat emportar per la nostra imaginaci\u00f3 creant-ne 2 m\u00e9s nosaltres mateixos! <img decoding=\"async\" class=\"CToWUd\" src=\"https:\/\/mail.google.com\/mail\/e\/1f4a1\" alt=\"\ud83d\udca1\" data-goomoji=\"1f4a1\" data-image-whitelisted=\"\" \/><\/p>\n<ul>\n<li><a href=\"https:\/\/photos.app.goo.gl\/4sLZQxD8Bj3zAHRU8\">ENLLA\u00c7 A LES FOTOGRAFIES<\/a><\/li>\n<\/ul>\n<p><a href=\"https:\/\/photos.app.goo.gl\/4sLZQxD8Bj3zAHRU8\"><img loading=\"lazy\" decoding=\"async\" class=\"alignnone size-medium wp-image-3822\" src=\"https:\/\/agora.xtec.cat\/escolamestralvilanova\/wp-content\/uploads\/usu729\/2020\/10\/IMG_20201015_100943-247x300.jpg\" alt=\"\" width=\"247\" height=\"300\" srcset=\"https:\/\/agora.xtec.cat\/escolamestralvilanova\/wp-content\/uploads\/usu729\/2020\/10\/IMG_20201015_100943-247x300.jpg 247w, https:\/\/agora.xtec.cat\/escolamestralvilanova\/wp-content\/uploads\/usu729\/2020\/10\/IMG_20201015_100943-768x934.jpg 768w, https:\/\/agora.xtec.cat\/escolamestralvilanova\/wp-content\/uploads\/usu729\/2020\/10\/IMG_20201015_100943-842x1024.jpg 842w\" sizes=\"auto, (max-width: 247px) 100vw, 247px\" \/><\/a><\/p>\n","protected":false},"excerpt":{"rendered":"<p>Avui ens hem trobat uns minimons de tardor a l&#8217;aula fets d&#8217;elements naturals (que vam recollir ahir durant la sortida), d&#8217;animalets, pa ratllat i pasta de colors<br \/>\nEns ha encantat fer joc simb\u00f2lic, trasbalsaments&#8230;<br \/>\nTamb\u00e9 ens hem deixat emportar per la nostra imaginaci\u00f3 creant-ne 2 m\u00e9s nosaltres&hellip;  <a href=\"https:\/\/agora.xtec.cat\/escolamestralvilanova\/infantil\/minimons-tardor\/\" title=\"Read MINIMONS TARDOR!\">Llegeix m\u00e9s\u00bb<\/a><\/p>\n","protected":false},"author":1,"featured_media":0,"comment_status":"open","ping_status":"closed","sticky":false,"template":"","format":"standard","meta":{"_bbp_topic_count":0,"_bbp_reply_count":0,"_bbp_total_topic_count":0,"_bbp_total_reply_count":0,"_bbp_voice_count":0,"_bbp_anonymous_reply_count":0,"_bbp_topic_count_hidden":0,"_bbp_reply_count_hidden":0,"_bbp_forum_subforum_count":0,"footnotes":""},"categories":[14,59,2,4],"tags":[],"class_list":["post-3821","post","type-post","status-publish","format-standard","hentry","category-ei1-ei2","category-primer-cicle-ed-infantil","category-infantil","category-portada"],"post_mailing_queue_ids":[],"_links":{"self":[{"href":"https:\/\/agora.xtec.cat\/escolamestralvilanova\/wp-json\/wp\/v2\/posts\/3821","targetHints":{"allow":["GET"]}}],"collection":[{"href":"https:\/\/agora.xtec.cat\/escolamestralvilanova\/wp-json\/wp\/v2\/posts"}],"about":[{"href":"https:\/\/agora.xtec.cat\/escolamestralvilanova\/wp-json\/wp\/v2\/types\/post"}],"author":[{"embeddable":true,"href":"https:\/\/agora.xtec.cat\/escolamestralvilanova\/wp-json\/wp\/v2\/users\/1"}],"replies":[{"embeddable":true,"href":"https:\/\/agora.xtec.cat\/escolamestralvilanova\/wp-json\/wp\/v2\/comments?post=3821"}],"version-history":[{"count":2,"href":"https:\/\/agora.xtec.cat\/escolamestralvilanova\/wp-json\/wp\/v2\/posts\/3821\/revisions"}],"predecessor-version":[{"id":3827,"href":"https:\/\/agora.xtec.cat\/escolamestralvilanova\/wp-json\/wp\/v2\/posts\/3821\/revisions\/3827"}],"wp:attachment":[{"href":"https:\/\/agora.xtec.cat\/escolamestralvilanova\/wp-json\/wp\/v2\/media?parent=3821"}],"wp:term":[{"taxonomy":"category","embeddable":true,"href":"https:\/\/agora.xtec.cat\/escolamestralvilanova\/wp-json\/wp\/v2\/categories?post=3821"},{"taxonomy":"post_tag","embeddable":true,"href":"https:\/\/agora.xtec.cat\/escolamestralvilanova\/wp-json\/wp\/v2\/tags?post=3821"}],"curies":[{"name":"wp","href":"https:\/\/api.w.org\/{rel}","templated":true}]}}