{"id":3805,"date":"2020-10-14T09:00:02","date_gmt":"2020-10-14T07:00:02","guid":{"rendered":"http:\/\/agora.xtec.cat\/escolamestralvilanova\/?p=3805"},"modified":"2020-10-14T12:36:13","modified_gmt":"2020-10-14T10:36:13","slug":"emocions-dun-primer-dia","status":"publish","type":"post","link":"https:\/\/agora.xtec.cat\/escolamestralvilanova\/infantil\/emocions-dun-primer-dia\/","title":{"rendered":"EMOCIONS D&#8217;UN PRIMER DIA"},"content":{"rendered":"<p style=\"text-align: justify;\">A l&#8217;entrada de l&#8217;escoleta ja tenim penjades les creacions que fa uns dies van fer els infants a l&#8217;aula, <img decoding=\"async\" class=\"CToWUd\" src=\"https:\/\/mail.google.com\/mail\/e\/1f3a8\" alt=\"\ud83c\udfa8\" data-goomoji=\"1f3a8\" data-image-whitelisted=\"\" \/> amb l&#8217;EMOCI\u00d3 o DESIG que hi van escriure les fam\u00edlies per aquest curs un p\u00e8l diferent! <img decoding=\"async\" class=\"CToWUd\" src=\"https:\/\/mail.google.com\/mail\/e\/2728\" alt=\"\u2728\" data-goomoji=\"2728\" data-image-whitelisted=\"\" \/><\/p>\n<p style=\"text-align: justify;\">Les recordarem cada dia!<\/p>\n<p style=\"text-align: justify;\">Gr\u00e0cies per la col\u00b7laboraci\u00f3, ens han encantat, de ben segur que es compliran! <img decoding=\"async\" class=\"CToWUd\" src=\"https:\/\/mail.google.com\/mail\/e\/263a\" alt=\"\u263a\" data-goomoji=\"263a\" data-image-whitelisted=\"\" \/><\/p>\n<ul>\n<li><a href=\"https:\/\/photos.app.goo.gl\/4U5fDE32DPuJAGD56\">ENLLA\u00c7 A LES FOTOGRAFIES<\/a><\/li>\n<\/ul>\n<p><a href=\"https:\/\/photos.app.goo.gl\/4U5fDE32DPuJAGD56\"><img loading=\"lazy\" decoding=\"async\" class=\"alignnone size-medium wp-image-3806\" src=\"https:\/\/agora.xtec.cat\/escolamestralvilanova\/wp-content\/uploads\/usu729\/2020\/10\/IMG_20201009_085136-300x300.jpg\" alt=\"\" width=\"300\" height=\"300\" srcset=\"https:\/\/agora.xtec.cat\/escolamestralvilanova\/wp-content\/uploads\/usu729\/2020\/10\/IMG_20201009_085136-300x300.jpg 300w, https:\/\/agora.xtec.cat\/escolamestralvilanova\/wp-content\/uploads\/usu729\/2020\/10\/IMG_20201009_085136-150x150.jpg 150w, https:\/\/agora.xtec.cat\/escolamestralvilanova\/wp-content\/uploads\/usu729\/2020\/10\/IMG_20201009_085136-768x768.jpg 768w, https:\/\/agora.xtec.cat\/escolamestralvilanova\/wp-content\/uploads\/usu729\/2020\/10\/IMG_20201009_085136-1024x1024.jpg 1024w\" sizes=\"auto, (max-width: 300px) 100vw, 300px\" \/><\/a><\/p>\n","protected":false},"excerpt":{"rendered":"<p>A l&#8217;entrada de l&#8217;escoleta ja tenim penjades les creacions que fa uns dies van fer els infants a l&#8217;aula,  amb l&#8217;EMOCI\u00d3 o DESIG que hi van escriure les fam\u00edlies per aquest curs un p\u00e8l diferent!<br \/>\nLes recordarem cada dia!<br \/>\nGr\u00e0cies per la col\u00b7laboraci\u00f3, ens han&hellip;  <a href=\"https:\/\/agora.xtec.cat\/escolamestralvilanova\/infantil\/emocions-dun-primer-dia\/\" title=\"Read EMOCIONS D&#8217;UN PRIMER DIA\">Llegeix m\u00e9s\u00bb<\/a><\/p>\n","protected":false},"author":1,"featured_media":0,"comment_status":"open","ping_status":"closed","sticky":false,"template":"","format":"standard","meta":{"_bbp_topic_count":0,"_bbp_reply_count":0,"_bbp_total_topic_count":0,"_bbp_total_reply_count":0,"_bbp_voice_count":0,"_bbp_anonymous_reply_count":0,"_bbp_topic_count_hidden":0,"_bbp_reply_count_hidden":0,"_bbp_forum_subforum_count":0,"footnotes":""},"categories":[14,59,2,4],"tags":[],"class_list":["post-3805","post","type-post","status-publish","format-standard","hentry","category-ei1-ei2","category-primer-cicle-ed-infantil","category-infantil","category-portada"],"post_mailing_queue_ids":[],"_links":{"self":[{"href":"https:\/\/agora.xtec.cat\/escolamestralvilanova\/wp-json\/wp\/v2\/posts\/3805","targetHints":{"allow":["GET"]}}],"collection":[{"href":"https:\/\/agora.xtec.cat\/escolamestralvilanova\/wp-json\/wp\/v2\/posts"}],"about":[{"href":"https:\/\/agora.xtec.cat\/escolamestralvilanova\/wp-json\/wp\/v2\/types\/post"}],"author":[{"embeddable":true,"href":"https:\/\/agora.xtec.cat\/escolamestralvilanova\/wp-json\/wp\/v2\/users\/1"}],"replies":[{"embeddable":true,"href":"https:\/\/agora.xtec.cat\/escolamestralvilanova\/wp-json\/wp\/v2\/comments?post=3805"}],"version-history":[{"count":1,"href":"https:\/\/agora.xtec.cat\/escolamestralvilanova\/wp-json\/wp\/v2\/posts\/3805\/revisions"}],"predecessor-version":[{"id":3807,"href":"https:\/\/agora.xtec.cat\/escolamestralvilanova\/wp-json\/wp\/v2\/posts\/3805\/revisions\/3807"}],"wp:attachment":[{"href":"https:\/\/agora.xtec.cat\/escolamestralvilanova\/wp-json\/wp\/v2\/media?parent=3805"}],"wp:term":[{"taxonomy":"category","embeddable":true,"href":"https:\/\/agora.xtec.cat\/escolamestralvilanova\/wp-json\/wp\/v2\/categories?post=3805"},{"taxonomy":"post_tag","embeddable":true,"href":"https:\/\/agora.xtec.cat\/escolamestralvilanova\/wp-json\/wp\/v2\/tags?post=3805"}],"curies":[{"name":"wp","href":"https:\/\/api.w.org\/{rel}","templated":true}]}}