{"id":3800,"date":"2020-10-13T18:38:52","date_gmt":"2020-10-13T16:38:52","guid":{"rendered":"http:\/\/agora.xtec.cat\/escolamestralvilanova\/?p=3800"},"modified":"2020-10-14T08:02:27","modified_gmt":"2020-10-14T06:02:27","slug":"materials-montessori","status":"publish","type":"post","link":"https:\/\/agora.xtec.cat\/escolamestralvilanova\/portada\/materials-montessori\/","title":{"rendered":"MATERIALS MONTESSORI"},"content":{"rendered":"<p style=\"text-align: justify;\">Els nens i nenes de cinqu\u00e8 hem comen\u00e7at a treballar a Matem\u00e0tiques amb els materials manipulatius Montessori.<\/p>\n<p>Ens ha agradat molt i hem apr\u00e8s for\u00e7a!<\/p>\n<ul>\n<li><a href=\"https:\/\/photos.app.goo.gl\/PjVvBnkjgQ4AjdKY8\">ENLLA\u00c7 A LES FOTOGRAFIES<\/a><\/li>\n<\/ul>\n<p><a href=\"https:\/\/photos.app.goo.gl\/PjVvBnkjgQ4AjdKY8\"><img loading=\"lazy\" decoding=\"async\" class=\"alignnone size-medium wp-image-3801\" src=\"https:\/\/agora.xtec.cat\/escolamestralvilanova\/wp-content\/uploads\/usu729\/2020\/10\/58998e2e-7157-4044-8780-3f2bfbb6f092-300x225.jpg\" alt=\"\" width=\"300\" height=\"225\" srcset=\"https:\/\/agora.xtec.cat\/escolamestralvilanova\/wp-content\/uploads\/usu729\/2020\/10\/58998e2e-7157-4044-8780-3f2bfbb6f092-300x225.jpg 300w, https:\/\/agora.xtec.cat\/escolamestralvilanova\/wp-content\/uploads\/usu729\/2020\/10\/58998e2e-7157-4044-8780-3f2bfbb6f092-768x576.jpg 768w, https:\/\/agora.xtec.cat\/escolamestralvilanova\/wp-content\/uploads\/usu729\/2020\/10\/58998e2e-7157-4044-8780-3f2bfbb6f092-1024x768.jpg 1024w, https:\/\/agora.xtec.cat\/escolamestralvilanova\/wp-content\/uploads\/usu729\/2020\/10\/58998e2e-7157-4044-8780-3f2bfbb6f092-200x150.jpg 200w, https:\/\/agora.xtec.cat\/escolamestralvilanova\/wp-content\/uploads\/usu729\/2020\/10\/58998e2e-7157-4044-8780-3f2bfbb6f092.jpg 1600w\" sizes=\"auto, (max-width: 300px) 100vw, 300px\" \/><\/a><\/p>\n","protected":false},"excerpt":{"rendered":"<p>Els nens i nenes de cinqu\u00e8 hem comen\u00e7at a treballar a Matem\u00e0tiques amb els materials manipulatius Montessori.<br \/>\nEns ha agradat molt i hem apr\u00e8s for\u00e7a!<\/p>\n<ul>\n<li><a href=\"https:\/\/photos.app.goo.gl\/PjVvBnkjgQ4AjdKY8\">ENLLA\u00c7 A LES FOTOGRAFIES<\/a><\/li>\n<\/ul>\n<p><a href=\"https:\/\/photos.app.goo.gl\/PjVvBnkjgQ4AjdKY8\"><\/a><\/p>\n","protected":false},"author":1,"featured_media":0,"comment_status":"open","ping_status":"closed","sticky":false,"template":"","format":"standard","meta":{"_bbp_topic_count":0,"_bbp_reply_count":0,"_bbp_total_topic_count":0,"_bbp_total_reply_count":0,"_bbp_voice_count":0,"_bbp_anonymous_reply_count":0,"_bbp_topic_count_hidden":0,"_bbp_reply_count_hidden":0,"_bbp_forum_subforum_count":0,"footnotes":""},"categories":[13,4,5],"tags":[],"class_list":["post-3800","post","type-post","status-publish","format-standard","hentry","category-cinque","category-portada","category-primaria"],"post_mailing_queue_ids":[],"_links":{"self":[{"href":"https:\/\/agora.xtec.cat\/escolamestralvilanova\/wp-json\/wp\/v2\/posts\/3800","targetHints":{"allow":["GET"]}}],"collection":[{"href":"https:\/\/agora.xtec.cat\/escolamestralvilanova\/wp-json\/wp\/v2\/posts"}],"about":[{"href":"https:\/\/agora.xtec.cat\/escolamestralvilanova\/wp-json\/wp\/v2\/types\/post"}],"author":[{"embeddable":true,"href":"https:\/\/agora.xtec.cat\/escolamestralvilanova\/wp-json\/wp\/v2\/users\/1"}],"replies":[{"embeddable":true,"href":"https:\/\/agora.xtec.cat\/escolamestralvilanova\/wp-json\/wp\/v2\/comments?post=3800"}],"version-history":[{"count":3,"href":"https:\/\/agora.xtec.cat\/escolamestralvilanova\/wp-json\/wp\/v2\/posts\/3800\/revisions"}],"predecessor-version":[{"id":3809,"href":"https:\/\/agora.xtec.cat\/escolamestralvilanova\/wp-json\/wp\/v2\/posts\/3800\/revisions\/3809"}],"wp:attachment":[{"href":"https:\/\/agora.xtec.cat\/escolamestralvilanova\/wp-json\/wp\/v2\/media?parent=3800"}],"wp:term":[{"taxonomy":"category","embeddable":true,"href":"https:\/\/agora.xtec.cat\/escolamestralvilanova\/wp-json\/wp\/v2\/categories?post=3800"},{"taxonomy":"post_tag","embeddable":true,"href":"https:\/\/agora.xtec.cat\/escolamestralvilanova\/wp-json\/wp\/v2\/tags?post=3800"}],"curies":[{"name":"wp","href":"https:\/\/api.w.org\/{rel}","templated":true}]}}