{"id":3793,"date":"2020-10-13T18:31:22","date_gmt":"2020-10-13T16:31:22","guid":{"rendered":"http:\/\/agora.xtec.cat\/escolamestralvilanova\/?p=3793"},"modified":"2020-10-13T18:41:02","modified_gmt":"2020-10-13T16:41:02","slug":"pintem-amb-elements-naturals","status":"publish","type":"post","link":"https:\/\/agora.xtec.cat\/escolamestralvilanova\/infantil\/pintem-amb-elements-naturals\/","title":{"rendered":"PINTEM AMB ELEMENTS NATURALS!"},"content":{"rendered":"<p style=\"text-align: justify;\">Mireu quines obres d&#8217;art m\u00e9s xules que hem creat amb elements naturals que ten\u00edem a la taula d&#8217;experimentaci\u00f3: fulles de pi, de xiprer, pinyes&#8230;<img decoding=\"async\" class=\"CToWUd\" src=\"https:\/\/mail.google.com\/mail\/e\/1f341\" alt=\"\ud83c\udf41\" data-goomoji=\"1f341\" data-image-whitelisted=\"\" \/><img decoding=\"async\" class=\"CToWUd\" src=\"https:\/\/mail.google.com\/mail\/e\/1f33f\" alt=\"\ud83c\udf3f\" data-goomoji=\"1f33f\" data-image-whitelisted=\"\" \/><img decoding=\"async\" class=\"CToWUd\" src=\"https:\/\/mail.google.com\/mail\/e\/1f342\" alt=\"\ud83c\udf42\" data-goomoji=\"1f342\" data-image-whitelisted=\"\" \/><\/p>\n<p style=\"text-align: justify;\">A m\u00e9s, aquest mat\u00ed el Jan i la Gala.A\u00a0 ens han ensenyat un cranc que es van trobar ahir passejant pel riu! Que gran era!<img decoding=\"async\" class=\"CToWUd\" src=\"https:\/\/mail.google.com\/mail\/e\/1f980\" alt=\"\ud83e\udd80\" data-goomoji=\"1f980\" data-image-whitelisted=\"\" \/><\/p>\n<ul>\n<li><a href=\"https:\/\/photos.app.goo.gl\/etskc1YoBd48LoBRA\">ENLLA\u00c7 A LES FOTOGRAFIES<\/a><\/li>\n<\/ul>\n<p><a href=\"https:\/\/photos.app.goo.gl\/etskc1YoBd48LoBRA\"><img loading=\"lazy\" decoding=\"async\" class=\"alignnone size-medium wp-image-3794\" src=\"https:\/\/agora.xtec.cat\/escolamestralvilanova\/wp-content\/uploads\/usu729\/2020\/10\/IMG_20201012_164631-279x300.jpg\" alt=\"\" width=\"279\" height=\"300\" srcset=\"https:\/\/agora.xtec.cat\/escolamestralvilanova\/wp-content\/uploads\/usu729\/2020\/10\/IMG_20201012_164631-279x300.jpg 279w, https:\/\/agora.xtec.cat\/escolamestralvilanova\/wp-content\/uploads\/usu729\/2020\/10\/IMG_20201012_164631-768x827.jpg 768w, https:\/\/agora.xtec.cat\/escolamestralvilanova\/wp-content\/uploads\/usu729\/2020\/10\/IMG_20201012_164631-951x1024.jpg 951w\" sizes=\"auto, (max-width: 279px) 100vw, 279px\" \/><\/a><\/p>\n","protected":false},"excerpt":{"rendered":"<p>Mireu quines obres d&#8217;art m\u00e9s xules que hem creat amb elements naturals que ten\u00edem a la taula d&#8217;experimentaci\u00f3: fulles de pi, de xiprer, pinyes&#8230;<br \/>\nA m\u00e9s, aquest mat\u00ed el Jan i la Gala.A\u00a0 ens han ensenyat un cranc que es van trobar ahir passejant pel riu!&hellip;  <a href=\"https:\/\/agora.xtec.cat\/escolamestralvilanova\/infantil\/pintem-amb-elements-naturals\/\" title=\"Read PINTEM AMB ELEMENTS NATURALS!\">Llegeix m\u00e9s\u00bb<\/a><\/p>\n","protected":false},"author":1,"featured_media":0,"comment_status":"open","ping_status":"closed","sticky":false,"template":"","format":"standard","meta":{"_bbp_topic_count":0,"_bbp_reply_count":0,"_bbp_total_topic_count":0,"_bbp_total_reply_count":0,"_bbp_voice_count":0,"_bbp_anonymous_reply_count":0,"_bbp_topic_count_hidden":0,"_bbp_reply_count_hidden":0,"_bbp_forum_subforum_count":0,"footnotes":""},"categories":[14,59,2,4],"tags":[],"class_list":["post-3793","post","type-post","status-publish","format-standard","hentry","category-ei1-ei2","category-primer-cicle-ed-infantil","category-infantil","category-portada"],"post_mailing_queue_ids":[],"_links":{"self":[{"href":"https:\/\/agora.xtec.cat\/escolamestralvilanova\/wp-json\/wp\/v2\/posts\/3793","targetHints":{"allow":["GET"]}}],"collection":[{"href":"https:\/\/agora.xtec.cat\/escolamestralvilanova\/wp-json\/wp\/v2\/posts"}],"about":[{"href":"https:\/\/agora.xtec.cat\/escolamestralvilanova\/wp-json\/wp\/v2\/types\/post"}],"author":[{"embeddable":true,"href":"https:\/\/agora.xtec.cat\/escolamestralvilanova\/wp-json\/wp\/v2\/users\/1"}],"replies":[{"embeddable":true,"href":"https:\/\/agora.xtec.cat\/escolamestralvilanova\/wp-json\/wp\/v2\/comments?post=3793"}],"version-history":[{"count":2,"href":"https:\/\/agora.xtec.cat\/escolamestralvilanova\/wp-json\/wp\/v2\/posts\/3793\/revisions"}],"predecessor-version":[{"id":3796,"href":"https:\/\/agora.xtec.cat\/escolamestralvilanova\/wp-json\/wp\/v2\/posts\/3793\/revisions\/3796"}],"wp:attachment":[{"href":"https:\/\/agora.xtec.cat\/escolamestralvilanova\/wp-json\/wp\/v2\/media?parent=3793"}],"wp:term":[{"taxonomy":"category","embeddable":true,"href":"https:\/\/agora.xtec.cat\/escolamestralvilanova\/wp-json\/wp\/v2\/categories?post=3793"},{"taxonomy":"post_tag","embeddable":true,"href":"https:\/\/agora.xtec.cat\/escolamestralvilanova\/wp-json\/wp\/v2\/tags?post=3793"}],"curies":[{"name":"wp","href":"https:\/\/api.w.org\/{rel}","templated":true}]}}