{"id":3778,"date":"2020-10-09T16:09:42","date_gmt":"2020-10-09T14:09:42","guid":{"rendered":"http:\/\/agora.xtec.cat\/escolamestralvilanova\/?p=3778"},"modified":"2020-10-09T16:11:57","modified_gmt":"2020-10-09T14:11:57","slug":"ja-hem-iniciat-els-tallers-de-plastica","status":"publish","type":"post","link":"https:\/\/agora.xtec.cat\/escolamestralvilanova\/portada\/ja-hem-iniciat-els-tallers-de-plastica\/","title":{"rendered":"JA HEM INICIAT ELS TALLERS DE PL\u00c0STICA!"},"content":{"rendered":"<p>Els nens i nenes de l&#8217;escola ja hem iniciat els tallers de pl\u00e0stica. En aquests tallers es treballen diferents autors\/es i v\u00e0ries t\u00e8cniques art\u00edstiques que ens permeten desenvolupar el nostre gust per l&#8217;art.<\/p>\n<p>Ens estan agradant molt!<\/p>\n<ul>\n<li><a href=\"https:\/\/photos.app.goo.gl\/DNeaXDwLPGLR1XgCA\">ENLLA\u00c7 A LES FOTOGRAFIES<\/a><\/li>\n<\/ul>\n<p><a href=\"https:\/\/photos.app.goo.gl\/DNeaXDwLPGLR1XgCA\"><img loading=\"lazy\" decoding=\"async\" class=\"alignnone wp-image-3779 size-medium\" src=\"https:\/\/agora.xtec.cat\/escolamestralvilanova\/wp-content\/uploads\/usu729\/2020\/10\/FI007-CERTIFICACION-INTERNACIONAL-EN-PLASTICA-Y-ARTISTICA-EN-LA-ESCUELA-INFANTIL-MASTER-EN-COACHING-E-INTELIGENCIA-EMOCIONAL-INFANTIL-Y-JUVENIL-300x240.jpg\" alt=\"\" width=\"300\" height=\"240\" srcset=\"https:\/\/agora.xtec.cat\/escolamestralvilanova\/wp-content\/uploads\/usu729\/2020\/10\/FI007-CERTIFICACION-INTERNACIONAL-EN-PLASTICA-Y-ARTISTICA-EN-LA-ESCUELA-INFANTIL-MASTER-EN-COACHING-E-INTELIGENCIA-EMOCIONAL-INFANTIL-Y-JUVENIL-300x240.jpg 300w, https:\/\/agora.xtec.cat\/escolamestralvilanova\/wp-content\/uploads\/usu729\/2020\/10\/FI007-CERTIFICACION-INTERNACIONAL-EN-PLASTICA-Y-ARTISTICA-EN-LA-ESCUELA-INFANTIL-MASTER-EN-COACHING-E-INTELIGENCIA-EMOCIONAL-INFANTIL-Y-JUVENIL-768x614.jpg 768w, https:\/\/agora.xtec.cat\/escolamestralvilanova\/wp-content\/uploads\/usu729\/2020\/10\/FI007-CERTIFICACION-INTERNACIONAL-EN-PLASTICA-Y-ARTISTICA-EN-LA-ESCUELA-INFANTIL-MASTER-EN-COACHING-E-INTELIGENCIA-EMOCIONAL-INFANTIL-Y-JUVENIL.jpg 945w\" sizes=\"auto, (max-width: 300px) 100vw, 300px\" \/><\/a><\/p>\n","protected":false},"excerpt":{"rendered":"<p>Els nens i nenes de l&#8217;escola ja hem iniciat els tallers de pl\u00e0stica. En aquests tallers es treballen diferents autors\/es i v\u00e0ries t\u00e8cniques art\u00edstiques que ens permeten desenvolupar el nostre gust per l&#8217;art.<br \/>\nEns estan agradant molt!<\/p>\n<ul>\n<li><a href=\"https:\/\/photos.app.goo.gl\/DNeaXDwLPGLR1XgCA\">ENLLA\u00c7 A LES FOTOGRAFIES<\/a><\/li>\n<\/ul>\n<p><a href=\"https:\/\/photos.app.goo.gl\/DNeaXDwLPGLR1XgCA\"><\/a><\/p>\n","protected":false},"author":6,"featured_media":0,"comment_status":"open","ping_status":"closed","sticky":false,"template":"","format":"standard","meta":{"_bbp_topic_count":0,"_bbp_reply_count":0,"_bbp_total_topic_count":0,"_bbp_total_reply_count":0,"_bbp_voice_count":0,"_bbp_anonymous_reply_count":0,"_bbp_topic_count_hidden":0,"_bbp_reply_count_hidden":0,"_bbp_forum_subforum_count":0,"footnotes":""},"categories":[13,11,12,15,10,4,5],"tags":[],"class_list":["post-3778","post","type-post","status-publish","format-standard","hentry","category-cinque","category-cicle-inicial","category-tercer-quart","category-cicle-superior","category-ei5-primer","category-portada","category-primaria"],"post_mailing_queue_ids":[],"_links":{"self":[{"href":"https:\/\/agora.xtec.cat\/escolamestralvilanova\/wp-json\/wp\/v2\/posts\/3778","targetHints":{"allow":["GET"]}}],"collection":[{"href":"https:\/\/agora.xtec.cat\/escolamestralvilanova\/wp-json\/wp\/v2\/posts"}],"about":[{"href":"https:\/\/agora.xtec.cat\/escolamestralvilanova\/wp-json\/wp\/v2\/types\/post"}],"author":[{"embeddable":true,"href":"https:\/\/agora.xtec.cat\/escolamestralvilanova\/wp-json\/wp\/v2\/users\/6"}],"replies":[{"embeddable":true,"href":"https:\/\/agora.xtec.cat\/escolamestralvilanova\/wp-json\/wp\/v2\/comments?post=3778"}],"version-history":[{"count":2,"href":"https:\/\/agora.xtec.cat\/escolamestralvilanova\/wp-json\/wp\/v2\/posts\/3778\/revisions"}],"predecessor-version":[{"id":3781,"href":"https:\/\/agora.xtec.cat\/escolamestralvilanova\/wp-json\/wp\/v2\/posts\/3778\/revisions\/3781"}],"wp:attachment":[{"href":"https:\/\/agora.xtec.cat\/escolamestralvilanova\/wp-json\/wp\/v2\/media?parent=3778"}],"wp:term":[{"taxonomy":"category","embeddable":true,"href":"https:\/\/agora.xtec.cat\/escolamestralvilanova\/wp-json\/wp\/v2\/categories?post=3778"},{"taxonomy":"post_tag","embeddable":true,"href":"https:\/\/agora.xtec.cat\/escolamestralvilanova\/wp-json\/wp\/v2\/tags?post=3778"}],"curies":[{"name":"wp","href":"https:\/\/api.w.org\/{rel}","templated":true}]}}