{"id":3769,"date":"2020-10-09T10:34:44","date_gmt":"2020-10-09T08:34:44","guid":{"rendered":"http:\/\/agora.xtec.cat\/escolamestralvilanova\/?p=3769"},"modified":"2020-10-09T11:05:42","modified_gmt":"2020-10-09T09:05:42","slug":"treballem-la-numeracio-i-la-suma-amb-materials-montessori","status":"publish","type":"post","link":"https:\/\/agora.xtec.cat\/escolamestralvilanova\/general\/treballem-la-numeracio-i-la-suma-amb-materials-montessori\/","title":{"rendered":"TREBALLEM LA NUMERACI\u00d3 I LA SUMA AMB MATERIALS MONTESSORI"},"content":{"rendered":"<p style=\"text-align: justify;\">Els alumnes de primer estem iniciant el treball de la numeraci\u00f3 i la suma amb materials Montessori.<\/p>\n<p style=\"text-align: justify;\">La introducci\u00f3 d&#8217;aquests materials a l&#8217;aula ens permet treballar les matem\u00e0tiques de forma manipulativa i aix\u00f2 ens permet interioritzar i realitzar una aprenentatge m\u00e9s significatiu del valor dels nombres, els seu ordre i les operacions b\u00e0siques com la suma que iniciem a primer.<\/p>\n<p style=\"text-align: justify;\">Ens ha agradat molt treballar amb aquests materials i estem aprenent molt!<\/p>\n<ul>\n<li><a href=\"https:\/\/photos.app.goo.gl\/hhvqasHxH2PSJTE49\">ENLLA\u00c7 A LES FOTOGRAFIES<\/a><\/li>\n<\/ul>\n<p><a href=\"https:\/\/agora.xtec.cat\/escolamestralvilanova\/wp-content\/uploads\/usu729\/2020\/10\/montessori.jpg\"><img loading=\"lazy\" decoding=\"async\" class=\"alignnone wp-image-3771 size-medium\" src=\"https:\/\/agora.xtec.cat\/escolamestralvilanova\/wp-content\/uploads\/usu729\/2020\/10\/montessori-300x225.jpg\" alt=\"\" width=\"300\" height=\"225\" srcset=\"https:\/\/agora.xtec.cat\/escolamestralvilanova\/wp-content\/uploads\/usu729\/2020\/10\/montessori-300x225.jpg 300w, https:\/\/agora.xtec.cat\/escolamestralvilanova\/wp-content\/uploads\/usu729\/2020\/10\/montessori-200x150.jpg 200w, https:\/\/agora.xtec.cat\/escolamestralvilanova\/wp-content\/uploads\/usu729\/2020\/10\/montessori.jpg 640w\" sizes=\"auto, (max-width: 300px) 100vw, 300px\" \/><\/a><\/p>\n","protected":false},"excerpt":{"rendered":"<p>Els alumnes de primer estem iniciant el treball de la numeraci\u00f3 i la suma amb materials Montessori.<br \/>\nLa introducci\u00f3 d&#8217;aquests materials a l&#8217;aula ens permet treballar les matem\u00e0tiques de forma manipulativa i aix\u00f2 ens permet interioritzar i realitzar una aprenentatge m\u00e9s significatiu del valor dels nombres,&hellip;  <a href=\"https:\/\/agora.xtec.cat\/escolamestralvilanova\/general\/treballem-la-numeracio-i-la-suma-amb-materials-montessori\/\" title=\"Read TREBALLEM LA NUMERACI\u00d3 I LA SUMA AMB MATERIALS MONTESSORI\">Llegeix m\u00e9s\u00bb<\/a><\/p>\n","protected":false},"author":6,"featured_media":0,"comment_status":"open","ping_status":"closed","sticky":false,"template":"","format":"standard","meta":{"_bbp_topic_count":0,"_bbp_reply_count":0,"_bbp_total_topic_count":0,"_bbp_total_reply_count":0,"_bbp_voice_count":0,"_bbp_anonymous_reply_count":0,"_bbp_topic_count_hidden":0,"_bbp_reply_count_hidden":0,"_bbp_forum_subforum_count":0,"footnotes":""},"categories":[10,1,4,5],"tags":[],"class_list":["post-3769","post","type-post","status-publish","format-standard","hentry","category-ei5-primer","category-general","category-portada","category-primaria"],"post_mailing_queue_ids":[],"_links":{"self":[{"href":"https:\/\/agora.xtec.cat\/escolamestralvilanova\/wp-json\/wp\/v2\/posts\/3769","targetHints":{"allow":["GET"]}}],"collection":[{"href":"https:\/\/agora.xtec.cat\/escolamestralvilanova\/wp-json\/wp\/v2\/posts"}],"about":[{"href":"https:\/\/agora.xtec.cat\/escolamestralvilanova\/wp-json\/wp\/v2\/types\/post"}],"author":[{"embeddable":true,"href":"https:\/\/agora.xtec.cat\/escolamestralvilanova\/wp-json\/wp\/v2\/users\/6"}],"replies":[{"embeddable":true,"href":"https:\/\/agora.xtec.cat\/escolamestralvilanova\/wp-json\/wp\/v2\/comments?post=3769"}],"version-history":[{"count":2,"href":"https:\/\/agora.xtec.cat\/escolamestralvilanova\/wp-json\/wp\/v2\/posts\/3769\/revisions"}],"predecessor-version":[{"id":3773,"href":"https:\/\/agora.xtec.cat\/escolamestralvilanova\/wp-json\/wp\/v2\/posts\/3769\/revisions\/3773"}],"wp:attachment":[{"href":"https:\/\/agora.xtec.cat\/escolamestralvilanova\/wp-json\/wp\/v2\/media?parent=3769"}],"wp:term":[{"taxonomy":"category","embeddable":true,"href":"https:\/\/agora.xtec.cat\/escolamestralvilanova\/wp-json\/wp\/v2\/categories?post=3769"},{"taxonomy":"post_tag","embeddable":true,"href":"https:\/\/agora.xtec.cat\/escolamestralvilanova\/wp-json\/wp\/v2\/tags?post=3769"}],"curies":[{"name":"wp","href":"https:\/\/api.w.org\/{rel}","templated":true}]}}