{"id":3763,"date":"2020-10-08T16:59:33","date_gmt":"2020-10-08T14:59:33","guid":{"rendered":"http:\/\/agora.xtec.cat\/escolamestralvilanova\/?p=3763"},"modified":"2020-10-09T10:06:35","modified_gmt":"2020-10-09T08:06:35","slug":"taulell-de-la-suma-i-la-multiplicacio","status":"publish","type":"post","link":"https:\/\/agora.xtec.cat\/escolamestralvilanova\/portada\/taulell-de-la-suma-i-la-multiplicacio\/","title":{"rendered":"TAULELL DE LA SUMA I LA MULTIPLICACI\u00d3"},"content":{"rendered":"<p style=\"text-align: justify;\">Als tallers de matem\u00e0tiques, els alumnes de sis\u00e8 hem continuat utilitzant els materials Montessori per consolidar diferents continguts matem\u00e0tics.<\/p>\n<p style=\"text-align: justify;\">Aix\u00ed, al llarg de la darrera setmana hem apr\u00e8s molt amb els taulells de la multiplicaci\u00f3 i de la divisi\u00f3 i hem practicat diferents situacions matem\u00e0tiques.<\/p>\n<p style=\"text-align: justify;\">Ens agrada molt!<\/p>\n<p><a href=\"https:\/\/photos.app.goo.gl\/3sxdWpiuoffvftKn6\"><img loading=\"lazy\" decoding=\"async\" class=\"alignnone wp-image-3764 size-medium\" src=\"https:\/\/agora.xtec.cat\/escolamestralvilanova\/wp-content\/uploads\/usu729\/2020\/10\/IMG_5222-300x225.jpg\" alt=\"\" width=\"300\" height=\"225\" srcset=\"https:\/\/agora.xtec.cat\/escolamestralvilanova\/wp-content\/uploads\/usu729\/2020\/10\/IMG_5222-300x225.jpg 300w, https:\/\/agora.xtec.cat\/escolamestralvilanova\/wp-content\/uploads\/usu729\/2020\/10\/IMG_5222-200x150.jpg 200w, https:\/\/agora.xtec.cat\/escolamestralvilanova\/wp-content\/uploads\/usu729\/2020\/10\/IMG_5222.jpg 640w\" sizes=\"auto, (max-width: 300px) 100vw, 300px\" \/><\/a><\/p>\n<ul>\n<li><a href=\"https:\/\/photos.app.goo.gl\/3sxdWpiuoffvftKn6\">ENLLA\u00c7 A LES FOTOGRAFIES<\/a><\/li>\n<\/ul>\n","protected":false},"excerpt":{"rendered":"<p>Als tallers de matem\u00e0tiques, els alumnes de sis\u00e8 hem continuat utilitzant els materials Montessori per consolidar diferents continguts matem\u00e0tics.<br \/>\nAix\u00ed, al llarg de la darrera setmana hem apr\u00e8s molt amb els taulells de la multiplicaci\u00f3 i de la divisi\u00f3 i hem practicat diferents situacions matem\u00e0tiques.<br \/>\nEns agrada&hellip;  <a href=\"https:\/\/agora.xtec.cat\/escolamestralvilanova\/portada\/taulell-de-la-suma-i-la-multiplicacio\/\" title=\"Read TAULELL DE LA SUMA I LA MULTIPLICACI\u00d3\">Llegeix m\u00e9s\u00bb<\/a><\/p>\n","protected":false},"author":1,"featured_media":0,"comment_status":"open","ping_status":"closed","sticky":false,"template":"","format":"standard","meta":{"_bbp_topic_count":0,"_bbp_reply_count":0,"_bbp_total_topic_count":0,"_bbp_total_reply_count":0,"_bbp_voice_count":0,"_bbp_anonymous_reply_count":0,"_bbp_topic_count_hidden":0,"_bbp_reply_count_hidden":0,"_bbp_forum_subforum_count":0,"footnotes":""},"categories":[15,4,5],"tags":[],"class_list":["post-3763","post","type-post","status-publish","format-standard","hentry","category-cicle-superior","category-portada","category-primaria"],"post_mailing_queue_ids":[],"_links":{"self":[{"href":"https:\/\/agora.xtec.cat\/escolamestralvilanova\/wp-json\/wp\/v2\/posts\/3763","targetHints":{"allow":["GET"]}}],"collection":[{"href":"https:\/\/agora.xtec.cat\/escolamestralvilanova\/wp-json\/wp\/v2\/posts"}],"about":[{"href":"https:\/\/agora.xtec.cat\/escolamestralvilanova\/wp-json\/wp\/v2\/types\/post"}],"author":[{"embeddable":true,"href":"https:\/\/agora.xtec.cat\/escolamestralvilanova\/wp-json\/wp\/v2\/users\/1"}],"replies":[{"embeddable":true,"href":"https:\/\/agora.xtec.cat\/escolamestralvilanova\/wp-json\/wp\/v2\/comments?post=3763"}],"version-history":[{"count":3,"href":"https:\/\/agora.xtec.cat\/escolamestralvilanova\/wp-json\/wp\/v2\/posts\/3763\/revisions"}],"predecessor-version":[{"id":3767,"href":"https:\/\/agora.xtec.cat\/escolamestralvilanova\/wp-json\/wp\/v2\/posts\/3763\/revisions\/3767"}],"wp:attachment":[{"href":"https:\/\/agora.xtec.cat\/escolamestralvilanova\/wp-json\/wp\/v2\/media?parent=3763"}],"wp:term":[{"taxonomy":"category","embeddable":true,"href":"https:\/\/agora.xtec.cat\/escolamestralvilanova\/wp-json\/wp\/v2\/categories?post=3763"},{"taxonomy":"post_tag","embeddable":true,"href":"https:\/\/agora.xtec.cat\/escolamestralvilanova\/wp-json\/wp\/v2\/tags?post=3763"}],"curies":[{"name":"wp","href":"https:\/\/api.w.org\/{rel}","templated":true}]}}