{"id":3751,"date":"2020-10-08T12:02:22","date_gmt":"2020-10-08T10:02:22","guid":{"rendered":"http:\/\/agora.xtec.cat\/escolamestralvilanova\/?p=3751"},"modified":"2020-10-08T12:02:22","modified_gmt":"2020-10-08T10:02:22","slug":"capses-de-vida","status":"publish","type":"post","link":"https:\/\/agora.xtec.cat\/escolamestralvilanova\/general\/capses-de-vida\/","title":{"rendered":"CAPSES DE VIDA"},"content":{"rendered":"<p>Els alumnes de primer estem treballant el centre d&#8217;inter\u00e8s LA NOSTRA FAM\u00cdLIA. Aquest curs iniciem una nova activitat anomenada CAPSES DE VIDA.<\/p>\n<p>La setmana que ve les fam\u00edlies rebreu la informaci\u00f3 d&#8217;aquesta nova activitat que ens est\u00e0 agradant molt. Per comen\u00e7ar ja estem decorant les nostres capses de vida!<\/p>\n<ul>\n<li><a href=\"https:\/\/photos.app.goo.gl\/BV6QkudEYh3hYaL37\">ENLLA\u00c7 A LES FOTOGRAFIES<\/a><\/li>\n<\/ul>\n<p><a href=\"https:\/\/agora.xtec.cat\/escolamestralvilanova\/wp-content\/uploads\/usu729\/2020\/10\/Imagen1.png\"><img loading=\"lazy\" decoding=\"async\" class=\"alignnone wp-image-3754 size-medium\" src=\"https:\/\/agora.xtec.cat\/escolamestralvilanova\/wp-content\/uploads\/usu729\/2020\/10\/Imagen1-300x224.png\" alt=\"\" width=\"300\" height=\"224\" srcset=\"https:\/\/agora.xtec.cat\/escolamestralvilanova\/wp-content\/uploads\/usu729\/2020\/10\/Imagen1-300x224.png 300w, https:\/\/agora.xtec.cat\/escolamestralvilanova\/wp-content\/uploads\/usu729\/2020\/10\/Imagen1-200x150.png 200w, https:\/\/agora.xtec.cat\/escolamestralvilanova\/wp-content\/uploads\/usu729\/2020\/10\/Imagen1.png 410w\" sizes=\"auto, (max-width: 300px) 100vw, 300px\" \/><\/a><\/p>\n","protected":false},"excerpt":{"rendered":"<p>Els alumnes de primer estem treballant el centre d&#8217;inter\u00e8s LA NOSTRA FAM\u00cdLIA. Aquest curs iniciem una nova activitat anomenada CAPSES DE VIDA.<br \/>\nLa setmana que ve les fam\u00edlies rebreu la informaci\u00f3 d&#8217;aquesta nova activitat que ens est\u00e0 agradant molt. Per comen\u00e7ar ja estem decorant les nostres&hellip;  <a href=\"https:\/\/agora.xtec.cat\/escolamestralvilanova\/general\/capses-de-vida\/\" title=\"Read CAPSES DE VIDA\">Llegeix m\u00e9s\u00bb<\/a><\/p>\n","protected":false},"author":6,"featured_media":0,"comment_status":"open","ping_status":"closed","sticky":false,"template":"","format":"standard","meta":{"_bbp_topic_count":0,"_bbp_reply_count":0,"_bbp_total_topic_count":0,"_bbp_total_reply_count":0,"_bbp_voice_count":0,"_bbp_anonymous_reply_count":0,"_bbp_topic_count_hidden":0,"_bbp_reply_count_hidden":0,"_bbp_forum_subforum_count":0,"footnotes":""},"categories":[10,1,4,5],"tags":[],"class_list":["post-3751","post","type-post","status-publish","format-standard","hentry","category-ei5-primer","category-general","category-portada","category-primaria"],"post_mailing_queue_ids":[],"_links":{"self":[{"href":"https:\/\/agora.xtec.cat\/escolamestralvilanova\/wp-json\/wp\/v2\/posts\/3751","targetHints":{"allow":["GET"]}}],"collection":[{"href":"https:\/\/agora.xtec.cat\/escolamestralvilanova\/wp-json\/wp\/v2\/posts"}],"about":[{"href":"https:\/\/agora.xtec.cat\/escolamestralvilanova\/wp-json\/wp\/v2\/types\/post"}],"author":[{"embeddable":true,"href":"https:\/\/agora.xtec.cat\/escolamestralvilanova\/wp-json\/wp\/v2\/users\/6"}],"replies":[{"embeddable":true,"href":"https:\/\/agora.xtec.cat\/escolamestralvilanova\/wp-json\/wp\/v2\/comments?post=3751"}],"version-history":[{"count":3,"href":"https:\/\/agora.xtec.cat\/escolamestralvilanova\/wp-json\/wp\/v2\/posts\/3751\/revisions"}],"predecessor-version":[{"id":3757,"href":"https:\/\/agora.xtec.cat\/escolamestralvilanova\/wp-json\/wp\/v2\/posts\/3751\/revisions\/3757"}],"wp:attachment":[{"href":"https:\/\/agora.xtec.cat\/escolamestralvilanova\/wp-json\/wp\/v2\/media?parent=3751"}],"wp:term":[{"taxonomy":"category","embeddable":true,"href":"https:\/\/agora.xtec.cat\/escolamestralvilanova\/wp-json\/wp\/v2\/categories?post=3751"},{"taxonomy":"post_tag","embeddable":true,"href":"https:\/\/agora.xtec.cat\/escolamestralvilanova\/wp-json\/wp\/v2\/tags?post=3751"}],"curies":[{"name":"wp","href":"https:\/\/api.w.org\/{rel}","templated":true}]}}