{"id":3715,"date":"2020-10-02T15:22:52","date_gmt":"2020-10-02T13:22:52","guid":{"rendered":"http:\/\/agora.xtec.cat\/escolamestralvilanova\/?p=3715"},"modified":"2020-10-02T18:00:12","modified_gmt":"2020-10-02T16:00:12","slug":"estem-de-festa-major","status":"publish","type":"post","link":"https:\/\/agora.xtec.cat\/escolamestralvilanova\/infantil\/estem-de-festa-major\/","title":{"rendered":"ESTEM DE FESTA MAJOR!"},"content":{"rendered":"<p id=\":197\" class=\"hP\" style=\"text-align: justify;\" tabindex=\"-1\" data-thread-perm-id=\"thread-f:1679446303725745544\" data-legacy-thread-id=\"174e9783e0ea7588\">Aprofitant que aquesta setmana \u00e9s la Festa Major al nostre poble, a l&#8217;escoleta hem aprofitat per celebrar-ho ! \ud83c\udf89<\/p>\n<p class=\"hP\" style=\"text-align: justify;\" tabindex=\"-1\" data-thread-perm-id=\"thread-f:1679446303725745544\" data-legacy-thread-id=\"174e9783e0ea7588\">Hem fet un MURAL gegant al nostre panell d&#8217;art, tot simulant els FOCS artificials \ud83c\udf86 t\u00edpics d&#8217;aquesta celebraci\u00f3. Com els hem fet?<\/p>\n<p class=\"hP\" style=\"text-align: justify;\" tabindex=\"-1\" data-thread-perm-id=\"thread-f:1679446303725745544\" data-legacy-thread-id=\"174e9783e0ea7588\">Escatxigant amb for\u00e7a amb l&#8217;ajuda d&#8217;uns pinzells i pintura ben molla i estampant paper de v\u00e0ter en forma d&#8217;estrella!<\/p>\n<p class=\"hP\" style=\"text-align: justify;\" tabindex=\"-1\" data-thread-perm-id=\"thread-f:1679446303725745544\" data-legacy-thread-id=\"174e9783e0ea7588\">Som uns aut\u00e8ntics artistes, hem gaudit molt fent-ho!<\/p>\n<p class=\"hP\" style=\"text-align: justify;\" tabindex=\"-1\" data-thread-perm-id=\"thread-f:1679446303725745544\" data-legacy-thread-id=\"174e9783e0ea7588\">A m\u00e9s, donat que el cap de setmana hi haur\u00e0 una representaci\u00f3 de pallassos ens hem disfressat amb perruques, barrets, ens hem pintat la cara, hem tirat confeti&#8230; I hem ballat de valent! \ud83d\udc83<\/p>\n<p class=\"hP\" style=\"text-align: justify;\" tabindex=\"-1\" data-thread-perm-id=\"thread-f:1679446303725745544\" data-legacy-thread-id=\"174e9783e0ea7588\">Bona Festa Major a tots\/es! \ud83c\udf89\ud83d\udc4f<\/p>\n<p tabindex=\"-1\" data-thread-perm-id=\"thread-f:1679446303725745544\" data-legacy-thread-id=\"174e9783e0ea7588\"><a href=\"https:\/\/photos.google.com\/share\/AF1QipMrzb-a2n_uS3QHwNHFlcW9JiaJ522YH4D6etTmh3-_93SPLD9v7l3LbX3-G_QdeQ?key=eW9wbXR0UDBISjFrYnhRNnRPQ3FYczdHVmdIa3VR\"><img loading=\"lazy\" decoding=\"async\" class=\"alignnone wp-image-3716 size-medium\" src=\"https:\/\/agora.xtec.cat\/escolamestralvilanova\/wp-content\/uploads\/usu729\/2020\/10\/2775f965-4a5e-400d-a08b-51d441e94564-300x169.jpg\" alt=\"\" width=\"300\" height=\"169\" srcset=\"https:\/\/agora.xtec.cat\/escolamestralvilanova\/wp-content\/uploads\/usu729\/2020\/10\/2775f965-4a5e-400d-a08b-51d441e94564-300x169.jpg 300w, https:\/\/agora.xtec.cat\/escolamestralvilanova\/wp-content\/uploads\/usu729\/2020\/10\/2775f965-4a5e-400d-a08b-51d441e94564-768x432.jpg 768w, https:\/\/agora.xtec.cat\/escolamestralvilanova\/wp-content\/uploads\/usu729\/2020\/10\/2775f965-4a5e-400d-a08b-51d441e94564-1024x577.jpg 1024w, https:\/\/agora.xtec.cat\/escolamestralvilanova\/wp-content\/uploads\/usu729\/2020\/10\/2775f965-4a5e-400d-a08b-51d441e94564.jpg 1600w\" sizes=\"auto, (max-width: 300px) 100vw, 300px\" \/><\/a><\/p>\n<div id=\":2kk\" class=\"pG\" role=\"img\" data-tooltip-contained=\"true\" data-tooltip-align=\"b,l\" data-tooltip-delay=\"1500\" aria-label=\"No important\"><\/div>\n<ul>\n<li><a href=\"https:\/\/photos.google.com\/share\/AF1QipMrzb-a2n_uS3QHwNHFlcW9JiaJ522YH4D6etTmh3-_93SPLD9v7l3LbX3-G_QdeQ?key=eW9wbXR0UDBISjFrYnhRNnRPQ3FYczdHVmdIa3VR\">ENLLA\u00c7 A LES FOTOGRAFIES<\/a><\/li>\n<\/ul>\n","protected":false},"excerpt":{"rendered":"<p>Aprofitant que aquesta setmana \u00e9s la Festa Major al nostre poble, a l&#8217;escoleta hem aprofitat per celebrar-ho ! \ud83c\udf89<br \/>\nHem fet un MURAL gegant al nostre panell d&#8217;art, tot simulant els FOCS artificials \ud83c\udf86 t\u00edpics d&#8217;aquesta celebraci\u00f3. Com els hem fet?<br \/>\nEscatxigant amb for\u00e7a amb l&#8217;ajuda d&#8217;uns&hellip;  <a href=\"https:\/\/agora.xtec.cat\/escolamestralvilanova\/infantil\/estem-de-festa-major\/\" title=\"Read ESTEM DE FESTA MAJOR!\">Llegeix m\u00e9s\u00bb<\/a><\/p>\n","protected":false},"author":1,"featured_media":0,"comment_status":"open","ping_status":"closed","sticky":false,"template":"","format":"standard","meta":{"_bbp_topic_count":0,"_bbp_reply_count":0,"_bbp_total_topic_count":0,"_bbp_total_reply_count":0,"_bbp_voice_count":0,"_bbp_anonymous_reply_count":0,"_bbp_topic_count_hidden":0,"_bbp_reply_count_hidden":0,"_bbp_forum_subforum_count":0,"footnotes":""},"categories":[14,2,4],"tags":[],"class_list":["post-3715","post","type-post","status-publish","format-standard","hentry","category-ei1-ei2","category-infantil","category-portada"],"post_mailing_queue_ids":[],"_links":{"self":[{"href":"https:\/\/agora.xtec.cat\/escolamestralvilanova\/wp-json\/wp\/v2\/posts\/3715","targetHints":{"allow":["GET"]}}],"collection":[{"href":"https:\/\/agora.xtec.cat\/escolamestralvilanova\/wp-json\/wp\/v2\/posts"}],"about":[{"href":"https:\/\/agora.xtec.cat\/escolamestralvilanova\/wp-json\/wp\/v2\/types\/post"}],"author":[{"embeddable":true,"href":"https:\/\/agora.xtec.cat\/escolamestralvilanova\/wp-json\/wp\/v2\/users\/1"}],"replies":[{"embeddable":true,"href":"https:\/\/agora.xtec.cat\/escolamestralvilanova\/wp-json\/wp\/v2\/comments?post=3715"}],"version-history":[{"count":3,"href":"https:\/\/agora.xtec.cat\/escolamestralvilanova\/wp-json\/wp\/v2\/posts\/3715\/revisions"}],"predecessor-version":[{"id":3723,"href":"https:\/\/agora.xtec.cat\/escolamestralvilanova\/wp-json\/wp\/v2\/posts\/3715\/revisions\/3723"}],"wp:attachment":[{"href":"https:\/\/agora.xtec.cat\/escolamestralvilanova\/wp-json\/wp\/v2\/media?parent=3715"}],"wp:term":[{"taxonomy":"category","embeddable":true,"href":"https:\/\/agora.xtec.cat\/escolamestralvilanova\/wp-json\/wp\/v2\/categories?post=3715"},{"taxonomy":"post_tag","embeddable":true,"href":"https:\/\/agora.xtec.cat\/escolamestralvilanova\/wp-json\/wp\/v2\/tags?post=3715"}],"curies":[{"name":"wp","href":"https:\/\/api.w.org\/{rel}","templated":true}]}}