{"id":3688,"date":"2020-09-29T16:31:26","date_gmt":"2020-09-29T14:31:26","guid":{"rendered":"http:\/\/agora.xtec.cat\/escolamestralvilanova\/?p=3688"},"modified":"2020-09-29T22:34:20","modified_gmt":"2020-09-29T20:34:20","slug":"raco-i-mobils-de-la-tardor","status":"publish","type":"post","link":"https:\/\/agora.xtec.cat\/escolamestralvilanova\/infantil\/raco-i-mobils-de-la-tardor\/","title":{"rendered":"RAC\u00d3 I M\u00d2BILS DE LA TARDOR"},"content":{"rendered":"<p style=\"text-align: justify;\">Ja tenim el nostre raconet d&#8217;aquesta estaci\u00f3 a l&#8217;aula. Qu\u00e8 hi ha?<br \/>\nA la taula d&#8217;experimentaci\u00f3 hi ha pinyes grans i petites, fulles seques, branques, troncs, carabasses, fustetes&#8230; juntament amb unes lupes per no perdre&#8217;ns cap detall!\u00a0<img decoding=\"async\" class=\"CToWUd\" src=\"https:\/\/mail.google.com\/mail\/e\/1f50d\" alt=\"\ud83d\udd0d\" data-goomoji=\"1f50d\" data-image-whitelisted=\"\" \/>\ud83e\uddd0<\/p>\n<p style=\"text-align: justify;\">A mesura que vagin avan\u00e7ant els dies, hi afegirem fruits, contes, i objectes t\u00edpics d&#8217;aquesta estaci\u00f3. Si teniu quelcom que ens pugui servir, us animem a que el porteu a l&#8217;escola \ud83d\ude42<br \/>\nTamb\u00e9 hi hem posat els encaixos amb els que anem jugant sovint.<\/p>\n<p style=\"text-align: justify;\">A m\u00e9s, a les finestres de l&#8217;aula hi hem penjat els m\u00f2bils de tardor que vam elaborar ahir enganxant trossets de paper de cel\u2022lofana dels colors de la tardor. Del tronc tamb\u00e9 hi hem penjat pinyes, plomes i fulles naturals!<\/p>\n<p style=\"text-align: justify;\">Ens encanta com han quedat\u00a0<img decoding=\"async\" class=\"CToWUd\" src=\"https:\/\/mail.google.com\/mail\/e\/263a\" alt=\"\u263a\" data-goomoji=\"263a\" data-image-whitelisted=\"\" \/><\/p>\n<p style=\"text-align: justify;\"><a href=\"https:\/\/photos.app.goo.gl\/RGof8DAdZixWPnKd8\"><img loading=\"lazy\" decoding=\"async\" class=\"alignnone size-medium wp-image-3689\" src=\"https:\/\/agora.xtec.cat\/escolamestralvilanova\/wp-content\/uploads\/usu729\/2020\/09\/5b2f5e33-ca58-4504-9985-f6c7d42d8aae-179x300.jpg\" alt=\"\" width=\"179\" height=\"300\" srcset=\"https:\/\/agora.xtec.cat\/escolamestralvilanova\/wp-content\/uploads\/usu729\/2020\/09\/5b2f5e33-ca58-4504-9985-f6c7d42d8aae-179x300.jpg 179w, https:\/\/agora.xtec.cat\/escolamestralvilanova\/wp-content\/uploads\/usu729\/2020\/09\/5b2f5e33-ca58-4504-9985-f6c7d42d8aae-768x1289.jpg 768w, https:\/\/agora.xtec.cat\/escolamestralvilanova\/wp-content\/uploads\/usu729\/2020\/09\/5b2f5e33-ca58-4504-9985-f6c7d42d8aae-610x1024.jpg 610w, https:\/\/agora.xtec.cat\/escolamestralvilanova\/wp-content\/uploads\/usu729\/2020\/09\/5b2f5e33-ca58-4504-9985-f6c7d42d8aae.jpg 953w\" sizes=\"auto, (max-width: 179px) 100vw, 179px\" \/><\/a><\/p>\n<ul>\n<li><a href=\"https:\/\/photos.app.goo.gl\/RGof8DAdZixWPnKd8\">ENLLA\u00c7 A LES FOTOGRAFIES<\/a><\/li>\n<\/ul>\n","protected":false},"excerpt":{"rendered":"<p>Ja tenim el nostre raconet d&#8217;aquesta estaci\u00f3 a l&#8217;aula. Qu\u00e8 hi ha?<br \/>\nA la taula d&#8217;experimentaci\u00f3 hi ha pinyes grans i petites, fulles seques, branques, troncs, carabasses, fustetes&#8230; juntament amb unes lupes per no perdre&#8217;ns cap detall!\u00a0\ud83e\uddd0<br \/>\nA mesura que vagin avan\u00e7ant els dies, hi afegirem fruits,&hellip;  <a href=\"https:\/\/agora.xtec.cat\/escolamestralvilanova\/infantil\/raco-i-mobils-de-la-tardor\/\" title=\"Read RAC\u00d3 I M\u00d2BILS DE LA TARDOR\">Llegeix m\u00e9s\u00bb<\/a><\/p>\n","protected":false},"author":1,"featured_media":0,"comment_status":"open","ping_status":"closed","sticky":false,"template":"","format":"standard","meta":{"_bbp_topic_count":0,"_bbp_reply_count":0,"_bbp_total_topic_count":0,"_bbp_total_reply_count":0,"_bbp_voice_count":0,"_bbp_anonymous_reply_count":0,"_bbp_topic_count_hidden":0,"_bbp_reply_count_hidden":0,"_bbp_forum_subforum_count":0,"footnotes":""},"categories":[14,2,4],"tags":[],"class_list":["post-3688","post","type-post","status-publish","format-standard","hentry","category-ei1-ei2","category-infantil","category-portada"],"post_mailing_queue_ids":[],"_links":{"self":[{"href":"https:\/\/agora.xtec.cat\/escolamestralvilanova\/wp-json\/wp\/v2\/posts\/3688","targetHints":{"allow":["GET"]}}],"collection":[{"href":"https:\/\/agora.xtec.cat\/escolamestralvilanova\/wp-json\/wp\/v2\/posts"}],"about":[{"href":"https:\/\/agora.xtec.cat\/escolamestralvilanova\/wp-json\/wp\/v2\/types\/post"}],"author":[{"embeddable":true,"href":"https:\/\/agora.xtec.cat\/escolamestralvilanova\/wp-json\/wp\/v2\/users\/1"}],"replies":[{"embeddable":true,"href":"https:\/\/agora.xtec.cat\/escolamestralvilanova\/wp-json\/wp\/v2\/comments?post=3688"}],"version-history":[{"count":3,"href":"https:\/\/agora.xtec.cat\/escolamestralvilanova\/wp-json\/wp\/v2\/posts\/3688\/revisions"}],"predecessor-version":[{"id":3704,"href":"https:\/\/agora.xtec.cat\/escolamestralvilanova\/wp-json\/wp\/v2\/posts\/3688\/revisions\/3704"}],"wp:attachment":[{"href":"https:\/\/agora.xtec.cat\/escolamestralvilanova\/wp-json\/wp\/v2\/media?parent=3688"}],"wp:term":[{"taxonomy":"category","embeddable":true,"href":"https:\/\/agora.xtec.cat\/escolamestralvilanova\/wp-json\/wp\/v2\/categories?post=3688"},{"taxonomy":"post_tag","embeddable":true,"href":"https:\/\/agora.xtec.cat\/escolamestralvilanova\/wp-json\/wp\/v2\/tags?post=3688"}],"curies":[{"name":"wp","href":"https:\/\/api.w.org\/{rel}","templated":true}]}}