{"id":3685,"date":"2020-09-29T13:44:25","date_gmt":"2020-09-29T11:44:25","guid":{"rendered":"http:\/\/agora.xtec.cat\/escolamestralvilanova\/?p=3685"},"modified":"2020-09-29T18:31:54","modified_gmt":"2020-09-29T16:31:54","slug":"fem-operacions-amb-els-segells-montessori","status":"publish","type":"post","link":"https:\/\/agora.xtec.cat\/escolamestralvilanova\/general\/fem-operacions-amb-els-segells-montessori\/","title":{"rendered":"FEM OPERACIONS AMB ELS SEGELLS MONTESSORI"},"content":{"rendered":"<p style=\"text-align: justify;\">Els nens i nenes de sis\u00e8 ja hem iniciat els tallers de matem\u00e0tiques. Aquest curs hem comen\u00e7at introduint materials Montessori que ens ajuden a entendre millor les matem\u00e0tiques.<\/p>\n<p style=\"text-align: justify;\">Durant la primer la sessi\u00f3 hem iniciat els treballs amb els <strong>SEGELLS.<\/strong><\/p>\n<p style=\"text-align: justify;\">Els SEGELLS s\u00f3n un material manipulatiu que ens permet fer c\u00e0lculs aritm\u00e8tics, tot entenent millor el procediment de cada operaci\u00f3.<\/p>\n<p><a href=\"https:\/\/photos.app.goo.gl\/45bUMZMCf4s1UsWC7\"><img loading=\"lazy\" decoding=\"async\" class=\"alignnone size-medium wp-image-3686\" src=\"https:\/\/agora.xtec.cat\/escolamestralvilanova\/wp-content\/uploads\/usu729\/2020\/09\/IMG_5016-300x225.jpg\" alt=\"\" width=\"300\" height=\"225\" srcset=\"https:\/\/agora.xtec.cat\/escolamestralvilanova\/wp-content\/uploads\/usu729\/2020\/09\/IMG_5016-300x225.jpg 300w, https:\/\/agora.xtec.cat\/escolamestralvilanova\/wp-content\/uploads\/usu729\/2020\/09\/IMG_5016-768x576.jpg 768w, https:\/\/agora.xtec.cat\/escolamestralvilanova\/wp-content\/uploads\/usu729\/2020\/09\/IMG_5016-1024x768.jpg 1024w, https:\/\/agora.xtec.cat\/escolamestralvilanova\/wp-content\/uploads\/usu729\/2020\/09\/IMG_5016-200x150.jpg 200w\" sizes=\"auto, (max-width: 300px) 100vw, 300px\" \/><\/a><\/p>\n<ul>\n<li><a href=\"https:\/\/photos.app.goo.gl\/45bUMZMCf4s1UsWC7\">ENLLA\u00c7 A LES FOTOGRAFIES<\/a><\/li>\n<\/ul>\n","protected":false},"excerpt":{"rendered":"<p>Els nens i nenes de sis\u00e8 ja hem iniciat els tallers de matem\u00e0tiques. Aquest curs hem comen\u00e7at introduint materials Montessori que ens ajuden a entendre millor les matem\u00e0tiques.<br \/>\nDurant la primer la sessi\u00f3 hem iniciat els treballs amb els SEGELLS.<br \/>\nEls SEGELLS s\u00f3n un material manipulatiu que&hellip;  <a href=\"https:\/\/agora.xtec.cat\/escolamestralvilanova\/general\/fem-operacions-amb-els-segells-montessori\/\" title=\"Read FEM OPERACIONS AMB ELS SEGELLS MONTESSORI\">Llegeix m\u00e9s\u00bb<\/a><\/p>\n","protected":false},"author":6,"featured_media":0,"comment_status":"open","ping_status":"closed","sticky":false,"template":"","format":"standard","meta":{"_bbp_topic_count":0,"_bbp_reply_count":0,"_bbp_total_topic_count":0,"_bbp_total_reply_count":0,"_bbp_voice_count":0,"_bbp_anonymous_reply_count":0,"_bbp_topic_count_hidden":0,"_bbp_reply_count_hidden":0,"_bbp_forum_subforum_count":0,"footnotes":""},"categories":[15,1,4],"tags":[],"class_list":["post-3685","post","type-post","status-publish","format-standard","hentry","category-cicle-superior","category-general","category-portada"],"post_mailing_queue_ids":[],"_links":{"self":[{"href":"https:\/\/agora.xtec.cat\/escolamestralvilanova\/wp-json\/wp\/v2\/posts\/3685","targetHints":{"allow":["GET"]}}],"collection":[{"href":"https:\/\/agora.xtec.cat\/escolamestralvilanova\/wp-json\/wp\/v2\/posts"}],"about":[{"href":"https:\/\/agora.xtec.cat\/escolamestralvilanova\/wp-json\/wp\/v2\/types\/post"}],"author":[{"embeddable":true,"href":"https:\/\/agora.xtec.cat\/escolamestralvilanova\/wp-json\/wp\/v2\/users\/6"}],"replies":[{"embeddable":true,"href":"https:\/\/agora.xtec.cat\/escolamestralvilanova\/wp-json\/wp\/v2\/comments?post=3685"}],"version-history":[{"count":3,"href":"https:\/\/agora.xtec.cat\/escolamestralvilanova\/wp-json\/wp\/v2\/posts\/3685\/revisions"}],"predecessor-version":[{"id":3701,"href":"https:\/\/agora.xtec.cat\/escolamestralvilanova\/wp-json\/wp\/v2\/posts\/3685\/revisions\/3701"}],"wp:attachment":[{"href":"https:\/\/agora.xtec.cat\/escolamestralvilanova\/wp-json\/wp\/v2\/media?parent=3685"}],"wp:term":[{"taxonomy":"category","embeddable":true,"href":"https:\/\/agora.xtec.cat\/escolamestralvilanova\/wp-json\/wp\/v2\/categories?post=3685"},{"taxonomy":"post_tag","embeddable":true,"href":"https:\/\/agora.xtec.cat\/escolamestralvilanova\/wp-json\/wp\/v2\/tags?post=3685"}],"curies":[{"name":"wp","href":"https:\/\/api.w.org\/{rel}","templated":true}]}}