{"id":3581,"date":"2020-09-25T12:38:43","date_gmt":"2020-09-25T10:38:43","guid":{"rendered":"http:\/\/agora.xtec.cat\/escolamestralvilanova\/?p=3581"},"modified":"2020-09-26T11:24:18","modified_gmt":"2020-09-26T09:24:18","slug":"ens-visiten-caragolets","status":"publish","type":"post","link":"https:\/\/agora.xtec.cat\/escolamestralvilanova\/general\/ens-visiten-caragolets\/","title":{"rendered":"ENS VISITEN CARAGOLETS"},"content":{"rendered":"<p style=\"text-align: justify;\"><span style=\"font-family: inherit; font-size: 1em;\">Aquest mat\u00ed hem rebut la visita de varis cargols: els hem observat detingudament amb les lupes i els hem constru\u00eft un terrari amb sorra molla, enciam, fulles i branques per tenir-los a l&#8217;aula!<\/span><\/p>\n<p style=\"text-align: justify;\">Tamb\u00e9 hem pogut observar el seu rastre amb l&#8217;ajuda de colorant alimentari, no paraven quiets! Hem cantat la can\u00e7\u00f3 de &#8220;Cargol treu banya&#8221; amb la caixa de m\u00fasica!<\/p>\n<p style=\"text-align: justify;\">A m\u00e9s, com cada dia, hem fet joc lliure amb la gran varietat de materials que tenim i hem potenciat la psicomotricitat fina, gruixuda, hem fet m\u00fasica&#8230; \ud83e\udd0f\ud83e\uddb5\ud83c\udfb6<\/p>\n<p style=\"text-align: justify;\">Ah, tamb\u00e9 hem descobert una \u00f2liba que estava damunt d&#8217;un arbre del pati, era molt gran!! \ud83e\udd89<\/p>\n<p><a href=\"https:\/\/photos.app.goo.gl\/Tajfii9qJv7Y3Edz7\"><img loading=\"lazy\" decoding=\"async\" class=\"alignnone wp-image-3583 size-medium\" src=\"https:\/\/agora.xtec.cat\/escolamestralvilanova\/wp-content\/uploads\/usu729\/2020\/09\/E1868DE1-897C-4CFB-B7D2-8D342E269D04-300x300.jpeg\" alt=\"\" width=\"300\" height=\"300\" srcset=\"https:\/\/agora.xtec.cat\/escolamestralvilanova\/wp-content\/uploads\/usu729\/2020\/09\/E1868DE1-897C-4CFB-B7D2-8D342E269D04-300x300.jpeg 300w, https:\/\/agora.xtec.cat\/escolamestralvilanova\/wp-content\/uploads\/usu729\/2020\/09\/E1868DE1-897C-4CFB-B7D2-8D342E269D04-150x150.jpeg 150w, https:\/\/agora.xtec.cat\/escolamestralvilanova\/wp-content\/uploads\/usu729\/2020\/09\/E1868DE1-897C-4CFB-B7D2-8D342E269D04-768x768.jpeg 768w, https:\/\/agora.xtec.cat\/escolamestralvilanova\/wp-content\/uploads\/usu729\/2020\/09\/E1868DE1-897C-4CFB-B7D2-8D342E269D04-1024x1024.jpeg 1024w, https:\/\/agora.xtec.cat\/escolamestralvilanova\/wp-content\/uploads\/usu729\/2020\/09\/E1868DE1-897C-4CFB-B7D2-8D342E269D04.jpeg 1500w\" sizes=\"auto, (max-width: 300px) 100vw, 300px\" \/><\/a><\/p>\n<ul>\n<li><a href=\"https:\/\/photos.app.goo.gl\/Tajfii9qJv7Y3Edz7\">ENLLA\u00c7 A LES FOTOGRAFIES<\/a><\/li>\n<\/ul>\n","protected":false},"excerpt":{"rendered":"<p>Aquest mat\u00ed hem rebut la visita de varis cargols: els hem observat detingudament amb les lupes i els hem constru\u00eft un terrari amb sorra molla, enciam, fulles i branques per tenir-los a l&#8217;aula!<br \/>\nTamb\u00e9 hem pogut observar el seu rastre amb l&#8217;ajuda de colorant alimentari, no&hellip;  <a href=\"https:\/\/agora.xtec.cat\/escolamestralvilanova\/general\/ens-visiten-caragolets\/\" title=\"Read ENS VISITEN CARAGOLETS\">Llegeix m\u00e9s\u00bb<\/a><\/p>\n","protected":false},"author":1,"featured_media":0,"comment_status":"open","ping_status":"closed","sticky":false,"template":"","format":"standard","meta":{"_bbp_topic_count":0,"_bbp_reply_count":0,"_bbp_total_topic_count":0,"_bbp_total_reply_count":0,"_bbp_voice_count":0,"_bbp_anonymous_reply_count":0,"_bbp_topic_count_hidden":0,"_bbp_reply_count_hidden":0,"_bbp_forum_subforum_count":0,"footnotes":""},"categories":[14,59,1,2,4],"tags":[],"class_list":["post-3581","post","type-post","status-publish","format-standard","hentry","category-ei1-ei2","category-primer-cicle-ed-infantil","category-general","category-infantil","category-portada"],"post_mailing_queue_ids":[],"_links":{"self":[{"href":"https:\/\/agora.xtec.cat\/escolamestralvilanova\/wp-json\/wp\/v2\/posts\/3581","targetHints":{"allow":["GET"]}}],"collection":[{"href":"https:\/\/agora.xtec.cat\/escolamestralvilanova\/wp-json\/wp\/v2\/posts"}],"about":[{"href":"https:\/\/agora.xtec.cat\/escolamestralvilanova\/wp-json\/wp\/v2\/types\/post"}],"author":[{"embeddable":true,"href":"https:\/\/agora.xtec.cat\/escolamestralvilanova\/wp-json\/wp\/v2\/users\/1"}],"replies":[{"embeddable":true,"href":"https:\/\/agora.xtec.cat\/escolamestralvilanova\/wp-json\/wp\/v2\/comments?post=3581"}],"version-history":[{"count":3,"href":"https:\/\/agora.xtec.cat\/escolamestralvilanova\/wp-json\/wp\/v2\/posts\/3581\/revisions"}],"predecessor-version":[{"id":3585,"href":"https:\/\/agora.xtec.cat\/escolamestralvilanova\/wp-json\/wp\/v2\/posts\/3581\/revisions\/3585"}],"wp:attachment":[{"href":"https:\/\/agora.xtec.cat\/escolamestralvilanova\/wp-json\/wp\/v2\/media?parent=3581"}],"wp:term":[{"taxonomy":"category","embeddable":true,"href":"https:\/\/agora.xtec.cat\/escolamestralvilanova\/wp-json\/wp\/v2\/categories?post=3581"},{"taxonomy":"post_tag","embeddable":true,"href":"https:\/\/agora.xtec.cat\/escolamestralvilanova\/wp-json\/wp\/v2\/tags?post=3581"}],"curies":[{"name":"wp","href":"https:\/\/api.w.org\/{rel}","templated":true}]}}