{"id":3564,"date":"2020-09-25T13:20:17","date_gmt":"2020-09-25T11:20:17","guid":{"rendered":"http:\/\/agora.xtec.cat\/escolamestralvilanova\/?p=3564"},"modified":"2020-09-25T13:20:52","modified_gmt":"2020-09-25T11:20:52","slug":"emocionat","status":"publish","type":"post","link":"https:\/\/agora.xtec.cat\/escolamestralvilanova\/infantil\/emocionat\/","title":{"rendered":"EMOCIONA&#8217;T!"},"content":{"rendered":"<p style=\"text-align: justify;\">El passat 14 de setembre vam iniciar un nou curs escolar\u2026<\/p>\n<p style=\"text-align: justify;\">En sonar\u00a0els primers acords de la m\u00fasica que d\u00f3na la benvinguda i indica l\u2019entrada a l\u2019escola, tots i totes hi vam accedir d&#8217;una manera una mica canviada de com ho record\u00e0vem, per\u00f2 tot i aix\u00ed, ten\u00edem moltes ganes&#8230; havien passat gaireb\u00e9 sis mesos des de l&#8217;\u00faltima vegada que hi hav\u00edem entrat!<\/p>\n<p style=\"text-align: justify;\"><i>Uns, ens sent\u00edem\u00a0contents, altres, excitats, il\u00b7lusionats, alegres, nervioses, expectants&#8230; i aix\u00ed un gran nombre d&#8217;emocions que van omplir per fi, els diferents espais de la nostra escola.\u00a0<\/i><\/p>\n<p style=\"text-align: justify;\">Ara aquestes emocions les tenim penjades a l&#8217;entrada de la nostra escola i aix\u00ed podrem recordar com ens vam sentir el dia que ens vam retrobar. Esperem passar un gran curs plegats!<\/p>\n<p style=\"text-align: justify;\">Tamb\u00e9 us voldr\u00edem agrair, a vosaltres, les fam\u00edlies de l&#8217;escola, per la tasca realitzada durant els mesos passats i per la comprensi\u00f3 i la col\u00b7laboraci\u00f3 mostrada durant els primers dies a l&#8217;escola.<\/p>\n<p style=\"text-align: justify;\">Moltes gr\u00e0cies! Junts fem escola!<\/p>\n<p><a href=\"https:\/\/agora.xtec.cat\/escolamestralvilanova\/wp-content\/uploads\/usu729\/2020\/09\/F780B534-7D6D-429B-85D3-E9E40EEB0FD2.jpg\"><img loading=\"lazy\" decoding=\"async\" class=\"alignnone wp-image-3565\" src=\"https:\/\/agora.xtec.cat\/escolamestralvilanova\/wp-content\/uploads\/usu729\/2020\/09\/F780B534-7D6D-429B-85D3-E9E40EEB0FD2-1024x1024.jpg\" alt=\"\" width=\"347\" height=\"347\" srcset=\"https:\/\/agora.xtec.cat\/escolamestralvilanova\/wp-content\/uploads\/usu729\/2020\/09\/F780B534-7D6D-429B-85D3-E9E40EEB0FD2-1024x1024.jpg 1024w, https:\/\/agora.xtec.cat\/escolamestralvilanova\/wp-content\/uploads\/usu729\/2020\/09\/F780B534-7D6D-429B-85D3-E9E40EEB0FD2-150x150.jpg 150w, https:\/\/agora.xtec.cat\/escolamestralvilanova\/wp-content\/uploads\/usu729\/2020\/09\/F780B534-7D6D-429B-85D3-E9E40EEB0FD2-300x300.jpg 300w, https:\/\/agora.xtec.cat\/escolamestralvilanova\/wp-content\/uploads\/usu729\/2020\/09\/F780B534-7D6D-429B-85D3-E9E40EEB0FD2-768x768.jpg 768w\" sizes=\"auto, (max-width: 347px) 100vw, 347px\" \/><\/a><\/p>\n<ul>\n<li><a href=\"https:\/\/photos.app.goo.gl\/kihvpwaidBtviVps5\">ENLLA\u00c7 A LES FOTOGRAFIES<\/a><\/li>\n<\/ul>\n","protected":false},"excerpt":{"rendered":"<p>El passat 14 de setembre vam iniciar un nou curs escolar\u2026<br \/>\nEn sonar\u00a0els primers acords de la m\u00fasica que d\u00f3na la benvinguda i indica l\u2019entrada a l\u2019escola, tots i totes hi vam accedir d&#8217;una manera una mica canviada de com ho record\u00e0vem, per\u00f2 tot i aix\u00ed,&hellip;  <a href=\"https:\/\/agora.xtec.cat\/escolamestralvilanova\/infantil\/emocionat\/\" title=\"Read EMOCIONA&#8217;T!\">Llegeix m\u00e9s\u00bb<\/a><\/p>\n","protected":false},"author":1,"featured_media":0,"comment_status":"open","ping_status":"closed","sticky":false,"template":"","format":"standard","meta":{"_bbp_topic_count":0,"_bbp_reply_count":0,"_bbp_total_topic_count":0,"_bbp_total_reply_count":0,"_bbp_voice_count":0,"_bbp_anonymous_reply_count":0,"_bbp_topic_count_hidden":0,"_bbp_reply_count_hidden":0,"_bbp_forum_subforum_count":0,"footnotes":""},"categories":[13,11,12,15,3,14,8,9,10,59,2,4,5],"tags":[],"class_list":["post-3564","post","type-post","status-publish","format-standard","hentry","category-cinque","category-cicle-inicial","category-tercer-quart","category-cicle-superior","category-ei3-ei4-ei5","category-ei1-ei2","category-ei4","category-ei5","category-ei5-primer","category-primer-cicle-ed-infantil","category-infantil","category-portada","category-primaria"],"post_mailing_queue_ids":[],"_links":{"self":[{"href":"https:\/\/agora.xtec.cat\/escolamestralvilanova\/wp-json\/wp\/v2\/posts\/3564","targetHints":{"allow":["GET"]}}],"collection":[{"href":"https:\/\/agora.xtec.cat\/escolamestralvilanova\/wp-json\/wp\/v2\/posts"}],"about":[{"href":"https:\/\/agora.xtec.cat\/escolamestralvilanova\/wp-json\/wp\/v2\/types\/post"}],"author":[{"embeddable":true,"href":"https:\/\/agora.xtec.cat\/escolamestralvilanova\/wp-json\/wp\/v2\/users\/1"}],"replies":[{"embeddable":true,"href":"https:\/\/agora.xtec.cat\/escolamestralvilanova\/wp-json\/wp\/v2\/comments?post=3564"}],"version-history":[{"count":2,"href":"https:\/\/agora.xtec.cat\/escolamestralvilanova\/wp-json\/wp\/v2\/posts\/3564\/revisions"}],"predecessor-version":[{"id":3580,"href":"https:\/\/agora.xtec.cat\/escolamestralvilanova\/wp-json\/wp\/v2\/posts\/3564\/revisions\/3580"}],"wp:attachment":[{"href":"https:\/\/agora.xtec.cat\/escolamestralvilanova\/wp-json\/wp\/v2\/media?parent=3564"}],"wp:term":[{"taxonomy":"category","embeddable":true,"href":"https:\/\/agora.xtec.cat\/escolamestralvilanova\/wp-json\/wp\/v2\/categories?post=3564"},{"taxonomy":"post_tag","embeddable":true,"href":"https:\/\/agora.xtec.cat\/escolamestralvilanova\/wp-json\/wp\/v2\/tags?post=3564"}],"curies":[{"name":"wp","href":"https:\/\/api.w.org\/{rel}","templated":true}]}}