{"id":3525,"date":"2020-09-17T10:55:17","date_gmt":"2020-09-17T08:55:17","guid":{"rendered":"http:\/\/agora.xtec.cat\/escolamestralvilanova\/?p=3525"},"modified":"2020-09-17T10:56:26","modified_gmt":"2020-09-17T08:56:26","slug":"reunions-inici-de-curs","status":"publish","type":"post","link":"https:\/\/agora.xtec.cat\/escolamestralvilanova\/portada\/reunions-inici-de-curs\/","title":{"rendered":"REUNIONS INICI DE CURS"},"content":{"rendered":"<p class=\"gmail_default\" style=\"text-align: justify;\">Benvolgudes fam\u00edlies,<\/p>\n<p class=\"gmail_default\" style=\"text-align: justify;\">Us convoquem a les reunions d&#8217;inici de curs que es realitzaran durant els propers dies.<\/p>\n<p class=\"gmail_default\" style=\"text-align: justify;\">Com a conseq\u00fc\u00e8ncia de la situaci\u00f3 sanit\u00e0ria actual aquestes es duran a terme de forma telem\u00e0tica, de manera que\u00a0<b>al llarg de la propera setmana rebreu al vostre correu un enlla\u00e7 del GOOGLE MEET<\/b>\u00a0per tal de poder-hi assistir.<\/p>\n<p class=\"gmail_default\" style=\"text-align: justify;\"><b><i>Amb l&#8217;objectiu de fer-vos part\u00edcips en els punts que es tractaran a la reuni\u00f3 i tenint en compte la situaci\u00f3 sanit\u00e0ria actual, si considereu que s&#8217;ha de parlar d&#8217;algun aspecte en concret, ens ho podeu fer saber tot responent aquest correu.<\/i><\/b><\/p>\n<p class=\"gmail_default\" style=\"text-align: justify;\">Les dates de les reunions estan diferenciades per cursos tal i com es mostra a la seg\u00fcent graella:<\/p>\n<p dir=\"ltr\"><b>DATES:<\/b><\/p>\n<div dir=\"ltr\" align=\"left\">\n<table>\n<colgroup>\n<col width=\"226\" \/>\n<col width=\"400\" \/><\/colgroup>\n<tbody>\n<tr>\n<td style=\"width: 226px; text-align: center;\">\n<p dir=\"ltr\"><strong>EDUCACI\u00d3 INFANTIL<\/strong><\/p>\n<\/td>\n<td style=\"width: 447px;\">\n<p dir=\"ltr\"><em>dimarts 22 de setembre de 2020<\/em><\/p>\n<\/td>\n<\/tr>\n<tr>\n<td style=\"width: 226px; text-align: center;\">\n<p dir=\"ltr\"><strong>PRIMER<\/strong><\/p>\n<\/td>\n<td style=\"width: 447px;\">\n<p dir=\"ltr\"><em>dimecres 23 de setembre de 2020<\/em><\/p>\n<\/td>\n<\/tr>\n<tr>\n<td style=\"width: 226px; text-align: center;\">\n<p dir=\"ltr\"><strong>SEGON &#8211; TERCER<\/strong><\/p>\n<\/td>\n<td style=\"width: 447px;\">\n<p dir=\"ltr\"><em>dijous 24 de setembre de 2020<\/em><\/p>\n<\/td>\n<\/tr>\n<tr>\n<td style=\"width: 226px; text-align: center;\">\n<p dir=\"ltr\"><strong>QUART\u00a0<\/strong><\/p>\n<\/td>\n<td style=\"width: 447px;\">\n<p dir=\"ltr\"><em>dimarts 29 de setembre de 2020<\/em><\/p>\n<\/td>\n<\/tr>\n<tr>\n<td style=\"width: 226px; text-align: center;\">\n<p dir=\"ltr\"><strong>SIS\u00c8<\/strong><\/p>\n<\/td>\n<td style=\"width: 447px;\">\n<p dir=\"ltr\"><em>dimecres 30 de setembre de 2020<\/em><\/p>\n<\/td>\n<\/tr>\n<tr>\n<td style=\"width: 226px; text-align: center;\">\n<p dir=\"ltr\"><strong>CINQU\u00c8<\/strong><\/p>\n<\/td>\n<td style=\"width: 447px;\">\n<p dir=\"ltr\"><em>dijous 1 d\u2019octubre de 2020<\/em><\/p>\n<\/td>\n<\/tr>\n<\/tbody>\n<\/table>\n<\/div>\n<p dir=\"ltr\"><b>HORA: 19 hores<\/b><\/p>\n<p class=\"gmail_default\">Esperem la vostra assist\u00e8ncia!<\/p>\n","protected":false},"excerpt":{"rendered":"<p>Benvolgudes fam\u00edlies,<br \/>\nUs convoquem a les reunions d&#8217;inici de curs que es realitzaran durant els propers dies.<br \/>\nCom a conseq\u00fc\u00e8ncia de la situaci\u00f3 sanit\u00e0ria actual aquestes es duran a terme de forma telem\u00e0tica, de manera que\u00a0al llarg de la propera setmana rebreu al vostre correu un enlla\u00e7&hellip;  <a href=\"https:\/\/agora.xtec.cat\/escolamestralvilanova\/portada\/reunions-inici-de-curs\/\" title=\"Read REUNIONS INICI DE CURS\">Llegeix m\u00e9s\u00bb<\/a><\/p>\n","protected":false},"author":1,"featured_media":0,"comment_status":"open","ping_status":"closed","sticky":false,"template":"","format":"standard","meta":{"_bbp_topic_count":0,"_bbp_reply_count":0,"_bbp_total_topic_count":0,"_bbp_total_reply_count":0,"_bbp_voice_count":0,"_bbp_anonymous_reply_count":0,"_bbp_topic_count_hidden":0,"_bbp_reply_count_hidden":0,"_bbp_forum_subforum_count":0,"footnotes":""},"categories":[4],"tags":[],"class_list":["post-3525","post","type-post","status-publish","format-standard","hentry","category-portada"],"post_mailing_queue_ids":[],"_links":{"self":[{"href":"https:\/\/agora.xtec.cat\/escolamestralvilanova\/wp-json\/wp\/v2\/posts\/3525","targetHints":{"allow":["GET"]}}],"collection":[{"href":"https:\/\/agora.xtec.cat\/escolamestralvilanova\/wp-json\/wp\/v2\/posts"}],"about":[{"href":"https:\/\/agora.xtec.cat\/escolamestralvilanova\/wp-json\/wp\/v2\/types\/post"}],"author":[{"embeddable":true,"href":"https:\/\/agora.xtec.cat\/escolamestralvilanova\/wp-json\/wp\/v2\/users\/1"}],"replies":[{"embeddable":true,"href":"https:\/\/agora.xtec.cat\/escolamestralvilanova\/wp-json\/wp\/v2\/comments?post=3525"}],"version-history":[{"count":2,"href":"https:\/\/agora.xtec.cat\/escolamestralvilanova\/wp-json\/wp\/v2\/posts\/3525\/revisions"}],"predecessor-version":[{"id":3527,"href":"https:\/\/agora.xtec.cat\/escolamestralvilanova\/wp-json\/wp\/v2\/posts\/3525\/revisions\/3527"}],"wp:attachment":[{"href":"https:\/\/agora.xtec.cat\/escolamestralvilanova\/wp-json\/wp\/v2\/media?parent=3525"}],"wp:term":[{"taxonomy":"category","embeddable":true,"href":"https:\/\/agora.xtec.cat\/escolamestralvilanova\/wp-json\/wp\/v2\/categories?post=3525"},{"taxonomy":"post_tag","embeddable":true,"href":"https:\/\/agora.xtec.cat\/escolamestralvilanova\/wp-json\/wp\/v2\/tags?post=3525"}],"curies":[{"name":"wp","href":"https:\/\/api.w.org\/{rel}","templated":true}]}}