{"id":3520,"date":"2020-09-08T11:47:22","date_gmt":"2020-09-08T09:47:22","guid":{"rendered":"http:\/\/agora.xtec.cat\/escolamestralvilanova\/?p=3520"},"modified":"2020-09-13T17:58:36","modified_gmt":"2020-09-13T15:58:36","slug":"acollida-escola-i-escoleta","status":"publish","type":"post","link":"https:\/\/agora.xtec.cat\/escolamestralvilanova\/portada\/acollida-escola-i-escoleta\/","title":{"rendered":"ACOLLIDA ESCOLA I ESCOLETA"},"content":{"rendered":"<p>Estimades fam\u00edlies,<\/p>\n<p>Com cada any l&#8217;Ajuntament de Vilanova ofereix un servei d&#8217;acollida matinal i de tarda.<\/p>\n<p>Per la qual cosa us fem arribar els enlla\u00e7os als formularis, aquests tamb\u00e9 els podreu trobar a la p\u00e0gina web de l&#8217;Ajuntament:<\/p>\n<ul>\n<li><a href=\"http:\/\/www.vilanovadelabarca.cat\/tramits\/models-diversos\/acollida-escola-20-21.pdf\/view\"> FORMULARI ACOLLIDA MAT\u00cd\/TARDA INFANTS D&#8217;ED. INFANTIL (a partir d&#8217;EI3) I PRIM\u00c0RIA<\/a><\/li>\n<li><a href=\"http:\/\/www.vilanovadelabarca.cat\/tramits\/models-diversos\/2019-07-18_preinscripcio-llar-infants_formulari-curs20-21.pdf\/view\">FORMULARI ACOLLIDA MAT\u00cd\/TARDA I MENJADOR ESCOLAR INFANTS DE 1r CICLE D&#8217;EDUCACI\u00cd INFANTIL (fins a EI2)<\/a><\/li>\n<\/ul>\n<p>Aquests formularis s&#8217;han de presentar a l&#8217;Ajuntament.<\/p>\n<p>Tamb\u00e9 us adjuntem la relaci\u00f3 de preus dels diferents serveis que ofereix l&#8217;Ajuntament per al curs 2020-2021.<\/p>\n<p><a href=\"https:\/\/agora.xtec.cat\/escolamestralvilanova\/wp-content\/uploads\/usu729\/2020\/09\/7f00c66c-1a21-43f9-9203-aa851e7ab6b2.jpeg\"><img loading=\"lazy\" decoding=\"async\" class=\"alignnone wp-image-3521 size-medium\" src=\"https:\/\/agora.xtec.cat\/escolamestralvilanova\/wp-content\/uploads\/usu729\/2020\/09\/7f00c66c-1a21-43f9-9203-aa851e7ab6b2-212x300.jpeg\" alt=\"\" width=\"212\" height=\"300\" srcset=\"https:\/\/agora.xtec.cat\/escolamestralvilanova\/wp-content\/uploads\/usu729\/2020\/09\/7f00c66c-1a21-43f9-9203-aa851e7ab6b2-212x300.jpeg 212w, https:\/\/agora.xtec.cat\/escolamestralvilanova\/wp-content\/uploads\/usu729\/2020\/09\/7f00c66c-1a21-43f9-9203-aa851e7ab6b2.jpeg 543w\" sizes=\"auto, (max-width: 212px) 100vw, 212px\" \/><\/a><\/p>\n","protected":false},"excerpt":{"rendered":"<p>Estimades fam\u00edlies,<br \/>\nCom cada any l&#8217;Ajuntament de Vilanova ofereix un servei d&#8217;acollida matinal i de tarda.<br \/>\nPer la qual cosa us fem arribar els enlla\u00e7os als formularis, aquests tamb\u00e9 els podreu trobar a la p\u00e0gina web de l&#8217;Ajuntament:<\/p>\n<ul>\n<li><a href=\"http:\/\/www.vilanovadelabarca.cat\/tramits\/models-diversos\/acollida-escola-20-21.pdf\/view\"> FORMULARI ACOLLIDA MAT\u00cd\/TARDA INFANTS D&#8217;ED. INFANTIL (a partir&hellip;  <a href=\"https:\/\/agora.xtec.cat\/escolamestralvilanova\/portada\/acollida-escola-i-escoleta\/\" title=\"Read ACOLLIDA ESCOLA I ESCOLETA\">Llegeix m\u00e9s\u00bb<\/a><br \/>\n","protected":false},"author":1,"featured_media":0,"comment_status":"open","ping_status":"closed","sticky":false,"template":"","format":"standard","meta":{"_bbp_topic_count":0,"_bbp_reply_count":0,"_bbp_total_topic_count":0,"_bbp_total_reply_count":0,"_bbp_voice_count":0,"_bbp_anonymous_reply_count":0,"_bbp_topic_count_hidden":0,"_bbp_reply_count_hidden":0,"_bbp_forum_subforum_count":0,"footnotes":""},"categories":[4],"tags":[],"class_list":["post-3520","post","type-post","status-publish","format-standard","hentry","category-portada"],"post_mailing_queue_ids":[],"_links":{"self":[{"href":"https:\/\/agora.xtec.cat\/escolamestralvilanova\/wp-json\/wp\/v2\/posts\/3520","targetHints":{"allow":["GET"]}}],"collection":[{"href":"https:\/\/agora.xtec.cat\/escolamestralvilanova\/wp-json\/wp\/v2\/posts"}],"about":[{"href":"https:\/\/agora.xtec.cat\/escolamestralvilanova\/wp-json\/wp\/v2\/types\/post"}],"author":[{"embeddable":true,"href":"https:\/\/agora.xtec.cat\/escolamestralvilanova\/wp-json\/wp\/v2\/users\/1"}],"replies":[{"embeddable":true,"href":"https:\/\/agora.xtec.cat\/escolamestralvilanova\/wp-json\/wp\/v2\/comments?post=3520"}],"version-history":[{"count":2,"href":"https:\/\/agora.xtec.cat\/escolamestralvilanova\/wp-json\/wp\/v2\/posts\/3520\/revisions"}],"predecessor-version":[{"id":3524,"href":"https:\/\/agora.xtec.cat\/escolamestralvilanova\/wp-json\/wp\/v2\/posts\/3520\/revisions\/3524"}],"wp:attachment":[{"href":"https:\/\/agora.xtec.cat\/escolamestralvilanova\/wp-json\/wp\/v2\/media?parent=3520"}],"wp:term":[{"taxonomy":"category","embeddable":true,"href":"https:\/\/agora.xtec.cat\/escolamestralvilanova\/wp-json\/wp\/v2\/categories?post=3520"},{"taxonomy":"post_tag","embeddable":true,"href":"https:\/\/agora.xtec.cat\/escolamestralvilanova\/wp-json\/wp\/v2\/tags?post=3520"}],"curies":[{"name":"wp","href":"https:\/\/api.w.org\/{rel}","templated":true}]}}