{"id":3438,"date":"2020-09-10T13:42:42","date_gmt":"2020-09-10T11:42:42","guid":{"rendered":"http:\/\/agora.xtec.cat\/escolamestralvilanova\/?p=3438"},"modified":"2020-09-12T10:37:41","modified_gmt":"2020-09-12T08:37:41","slug":"entrades-i-sortides-de-lescola","status":"publish","type":"post","link":"https:\/\/agora.xtec.cat\/escolamestralvilanova\/general\/entrades-i-sortides-de-lescola\/","title":{"rendered":"ENTRADES I SORTIDES DE L&#8217;ESCOLA"},"content":{"rendered":"<p><strong>RECORDATORI:<\/strong><\/p>\n<p style=\"text-align: justify;\">Al document que us vam enviar la setmana passada es concreta quin ser\u00e0 el protocol d&#8217;entrades i sortides a l&#8217;escola aquest curs escolar.<\/p>\n<p><span style=\"color: #ff0000;\"><strong>NOTA: L&#8217;entrada ser\u00e0 a partir de les 9:00 hores seguint un ordre, de curs m\u00e9s gran a petit.<\/strong><\/span><\/p>\n<p style=\"text-align: justify;\">Per tal que us sigui m\u00e9s visual, a continuaci\u00f3 us adjuntem una infografia on est\u00e0 explicat gr\u00e0ficament:<\/p>\n<p><a href=\"https:\/\/agora.xtec.cat\/escolamestralvilanova\/wp-content\/uploads\/usu729\/2020\/09\/INOGRAFIA-ENTRADES.png\"><img loading=\"lazy\" decoding=\"async\" class=\"alignnone wp-image-3439 size-medium\" src=\"https:\/\/agora.xtec.cat\/escolamestralvilanova\/wp-content\/uploads\/usu729\/2020\/09\/INOGRAFIA-ENTRADES-218x300.png\" alt=\"\" width=\"218\" height=\"300\" srcset=\"https:\/\/agora.xtec.cat\/escolamestralvilanova\/wp-content\/uploads\/usu729\/2020\/09\/INOGRAFIA-ENTRADES-218x300.png 218w, https:\/\/agora.xtec.cat\/escolamestralvilanova\/wp-content\/uploads\/usu729\/2020\/09\/INOGRAFIA-ENTRADES.png 700w\" sizes=\"auto, (max-width: 218px) 100vw, 218px\" \/><\/a><\/p>\n<p style=\"text-align: justify;\"><b>Els dies de pluja tots els alumnes entraran per la porta principal de forma ordenada i amb dist\u00e0ncia entre els grups estables corresponents.<\/b><\/p>\n","protected":false},"excerpt":{"rendered":"<p>RECORDATORI:<br \/>\nAl document que us vam enviar la setmana passada es concreta quin ser\u00e0 el protocol d&#8217;entrades i sortides a l&#8217;escola aquest curs escolar.<br \/>\nNOTA: L&#8217;entrada ser\u00e0 a partir de les 9:00 hores seguint un ordre, de curs m\u00e9s gran a petit.<br \/>\nPer tal que us sigui m\u00e9s&hellip;  <a href=\"https:\/\/agora.xtec.cat\/escolamestralvilanova\/general\/entrades-i-sortides-de-lescola\/\" title=\"Read ENTRADES I SORTIDES DE L&#8217;ESCOLA\">Llegeix m\u00e9s\u00bb<\/a><\/p>\n","protected":false},"author":1,"featured_media":0,"comment_status":"open","ping_status":"closed","sticky":false,"template":"","format":"standard","meta":{"_bbp_topic_count":0,"_bbp_reply_count":0,"_bbp_total_topic_count":0,"_bbp_total_reply_count":0,"_bbp_voice_count":0,"_bbp_anonymous_reply_count":0,"_bbp_topic_count_hidden":0,"_bbp_reply_count_hidden":0,"_bbp_forum_subforum_count":0,"footnotes":""},"categories":[1,4],"tags":[],"class_list":["post-3438","post","type-post","status-publish","format-standard","hentry","category-general","category-portada"],"post_mailing_queue_ids":[],"_links":{"self":[{"href":"https:\/\/agora.xtec.cat\/escolamestralvilanova\/wp-json\/wp\/v2\/posts\/3438","targetHints":{"allow":["GET"]}}],"collection":[{"href":"https:\/\/agora.xtec.cat\/escolamestralvilanova\/wp-json\/wp\/v2\/posts"}],"about":[{"href":"https:\/\/agora.xtec.cat\/escolamestralvilanova\/wp-json\/wp\/v2\/types\/post"}],"author":[{"embeddable":true,"href":"https:\/\/agora.xtec.cat\/escolamestralvilanova\/wp-json\/wp\/v2\/users\/1"}],"replies":[{"embeddable":true,"href":"https:\/\/agora.xtec.cat\/escolamestralvilanova\/wp-json\/wp\/v2\/comments?post=3438"}],"version-history":[{"count":3,"href":"https:\/\/agora.xtec.cat\/escolamestralvilanova\/wp-json\/wp\/v2\/posts\/3438\/revisions"}],"predecessor-version":[{"id":3472,"href":"https:\/\/agora.xtec.cat\/escolamestralvilanova\/wp-json\/wp\/v2\/posts\/3438\/revisions\/3472"}],"wp:attachment":[{"href":"https:\/\/agora.xtec.cat\/escolamestralvilanova\/wp-json\/wp\/v2\/media?parent=3438"}],"wp:term":[{"taxonomy":"category","embeddable":true,"href":"https:\/\/agora.xtec.cat\/escolamestralvilanova\/wp-json\/wp\/v2\/categories?post=3438"},{"taxonomy":"post_tag","embeddable":true,"href":"https:\/\/agora.xtec.cat\/escolamestralvilanova\/wp-json\/wp\/v2\/tags?post=3438"}],"curies":[{"name":"wp","href":"https:\/\/api.w.org\/{rel}","templated":true}]}}