{"id":3318,"date":"2020-06-19T18:09:10","date_gmt":"2020-06-19T16:09:10","guid":{"rendered":"http:\/\/agora.xtec.cat\/escolamestralvilanova\/?p=3318"},"modified":"2020-09-11T11:08:19","modified_gmt":"2020-09-11T09:08:19","slug":"bon-estiu-2","status":"publish","type":"post","link":"https:\/\/agora.xtec.cat\/escolamestralvilanova\/portada\/bon-estiu-2\/","title":{"rendered":"BON ESTIU!"},"content":{"rendered":"<p style=\"font-weight: 400; text-align: justify;\">Avui divendres ja \u00e9s l&#8217;\u00faltim dia d&#8217;aquest curs tan at\u00edpic i diferent.<\/p>\n<p style=\"font-weight: 400; text-align: justify;\">En primer lloc, volem donar-vos les gr\u00e0cies per haver estat tan receptius i col\u00b7laboradors en aquests moments tan canviants i dif\u00edcils per a tots. Des de l&#8217;escola en tot moment hem intentat estar a prop vostre i us volem agrair la gran tasca que heu fet durant aquest confinament amb els vostres fills i filles.<\/p>\n<p style=\"font-weight: 400; text-align: justify;\">Com aquest temps ens hem trobat tan a faltar hem elaborat un v\u00eddeo amb fotografies de tots els infants, mestres i personal de l&#8217;escola per poder-nos veure i desitjar-nos un bon estiu, esperem que us agradi!<\/p>\n<p style=\"text-align: justify;\">Despr\u00e9s de les vacances d\u2019estiu ens retrobarem el\u00a0<strong>dilluns 14 de setembre de 2020.<\/strong><\/p>\n<ul style=\"font-weight: 400;\">\n<li><a href=\"https:\/\/drive.google.com\/file\/d\/1CoylwmH_vqTcKUTIuiWol6LJ-SFUO1Zi\/view?usp=sharing\" data-saferedirecturl=\"https:\/\/www.google.com\/url?q=https:\/\/drive.google.com\/file\/d\/1CoylwmH_vqTcKUTIuiWol6LJ-SFUO1Zi\/view?usp%3Dsharing&amp;source=gmail&amp;ust=1592668629645000&amp;usg=AFQjCNFD-XSS-zuyt4fxr8j_5l8w0OKqhQ\">ENLLA\u00c7 AL V\u00cdDEO<\/a><\/li>\n<\/ul>\n<p style=\"font-weight: 400;\">Aprofitem per desitjar-vos un BON ESTIU!<\/p>\n<p><a href=\"https:\/\/drive.google.com\/file\/d\/1CoylwmH_vqTcKUTIuiWol6LJ-SFUO1Zi\/view?usp=sharing\"><img loading=\"lazy\" decoding=\"async\" class=\"alignnone size-medium wp-image-3364\" src=\"https:\/\/agora.xtec.cat\/escolamestralvilanova\/wp-content\/uploads\/usu729\/2020\/06\/Captura-de-Pantalla-2020-06-21-a-les-20.05.11-300x168.png\" alt=\"\" width=\"300\" height=\"168\" srcset=\"https:\/\/agora.xtec.cat\/escolamestralvilanova\/wp-content\/uploads\/usu729\/2020\/06\/Captura-de-Pantalla-2020-06-21-a-les-20.05.11-300x168.png 300w, https:\/\/agora.xtec.cat\/escolamestralvilanova\/wp-content\/uploads\/usu729\/2020\/06\/Captura-de-Pantalla-2020-06-21-a-les-20.05.11-768x430.png 768w, https:\/\/agora.xtec.cat\/escolamestralvilanova\/wp-content\/uploads\/usu729\/2020\/06\/Captura-de-Pantalla-2020-06-21-a-les-20.05.11-1024x574.png 1024w, https:\/\/agora.xtec.cat\/escolamestralvilanova\/wp-content\/uploads\/usu729\/2020\/06\/Captura-de-Pantalla-2020-06-21-a-les-20.05.11.png 1878w\" sizes=\"auto, (max-width: 300px) 100vw, 300px\" \/><\/a><\/p>\n","protected":false},"excerpt":{"rendered":"<p>Avui divendres ja \u00e9s l&#8217;\u00faltim dia d&#8217;aquest curs tan at\u00edpic i diferent.<br \/>\nEn primer lloc, volem donar-vos les gr\u00e0cies per haver estat tan receptius i col\u00b7laboradors en aquests moments tan canviants i dif\u00edcils per a tots. Des de l&#8217;escola en tot moment hem intentat estar a&hellip;  <a href=\"https:\/\/agora.xtec.cat\/escolamestralvilanova\/portada\/bon-estiu-2\/\" title=\"Read BON ESTIU!\">Llegeix m\u00e9s\u00bb<\/a><\/p>\n","protected":false},"author":1,"featured_media":0,"comment_status":"open","ping_status":"closed","sticky":false,"template":"","format":"standard","meta":{"_bbp_topic_count":0,"_bbp_reply_count":0,"_bbp_total_topic_count":0,"_bbp_total_reply_count":0,"_bbp_voice_count":0,"_bbp_anonymous_reply_count":0,"_bbp_topic_count_hidden":0,"_bbp_reply_count_hidden":0,"_bbp_forum_subforum_count":0,"footnotes":""},"categories":[4],"tags":[],"class_list":["post-3318","post","type-post","status-publish","format-standard","hentry","category-portada"],"post_mailing_queue_ids":[],"_links":{"self":[{"href":"https:\/\/agora.xtec.cat\/escolamestralvilanova\/wp-json\/wp\/v2\/posts\/3318","targetHints":{"allow":["GET"]}}],"collection":[{"href":"https:\/\/agora.xtec.cat\/escolamestralvilanova\/wp-json\/wp\/v2\/posts"}],"about":[{"href":"https:\/\/agora.xtec.cat\/escolamestralvilanova\/wp-json\/wp\/v2\/types\/post"}],"author":[{"embeddable":true,"href":"https:\/\/agora.xtec.cat\/escolamestralvilanova\/wp-json\/wp\/v2\/users\/1"}],"replies":[{"embeddable":true,"href":"https:\/\/agora.xtec.cat\/escolamestralvilanova\/wp-json\/wp\/v2\/comments?post=3318"}],"version-history":[{"count":3,"href":"https:\/\/agora.xtec.cat\/escolamestralvilanova\/wp-json\/wp\/v2\/posts\/3318\/revisions"}],"predecessor-version":[{"id":3396,"href":"https:\/\/agora.xtec.cat\/escolamestralvilanova\/wp-json\/wp\/v2\/posts\/3318\/revisions\/3396"}],"wp:attachment":[{"href":"https:\/\/agora.xtec.cat\/escolamestralvilanova\/wp-json\/wp\/v2\/media?parent=3318"}],"wp:term":[{"taxonomy":"category","embeddable":true,"href":"https:\/\/agora.xtec.cat\/escolamestralvilanova\/wp-json\/wp\/v2\/categories?post=3318"},{"taxonomy":"post_tag","embeddable":true,"href":"https:\/\/agora.xtec.cat\/escolamestralvilanova\/wp-json\/wp\/v2\/tags?post=3318"}],"curies":[{"name":"wp","href":"https:\/\/api.w.org\/{rel}","templated":true}]}}