{"id":3309,"date":"2020-06-19T17:49:37","date_gmt":"2020-06-19T15:49:37","guid":{"rendered":"http:\/\/agora.xtec.cat\/escolamestralvilanova\/?p=3309"},"modified":"2020-06-21T20:20:36","modified_gmt":"2020-06-21T18:20:36","slug":"acomiadem-als-alumnes-de-sise","status":"publish","type":"post","link":"https:\/\/agora.xtec.cat\/escolamestralvilanova\/general\/acomiadem-als-alumnes-de-sise\/","title":{"rendered":"ACOMIADEM ALS ALUMNES DE SIS\u00c8"},"content":{"rendered":"<p style=\"text-align: justify;\">Amb l&#8217;acabament d&#8217;un nou curs escolar avui tamb\u00e9 ha arribat el moment d&#8217;acomiadar als alumnes de sis\u00e8.<\/p>\n<p style=\"text-align: justify;\">Despr\u00e9s de 9 cursos a l&#8217;escola \u00e9s el moment de comen\u00e7ar una nova etapa, \u00e9s temps per valorar el bon cam\u00ed que heu fet plegats i la motxilla plena de viv\u00e8ncies, descobertes, aprenentatges, etc. que us emporteu de la vostra estada a l&#8217;escola Mestral, la vostra estimada escola que sempre recordareu i que sempre us tindr\u00e0 les portes obertes.<\/p>\n<p style=\"text-align: justify;\">Acomiadem als m\u00e9s grans de l&#8217;escola, agraint tamb\u00e9 a les fam\u00edlies per ser-hi, per l&#8217;acompanyament que feu dels vostres fills i filles en tot moment. Sempre heu fet costat a l&#8217;escola en tot el que s&#8217;ha necessitat i sincerament, us trobarem molt a faltar.<\/p>\n<p style=\"text-align: justify;\">MOLTA SORT I FINS SEMPRE!<\/p>\n<p><a href=\"https:\/\/agora.xtec.cat\/escolamestralvilanova\/wp-content\/uploads\/usu729\/2020\/06\/ORLA-2020.jpg\"><img loading=\"lazy\" decoding=\"async\" class=\"size-medium wp-image-3310 alignnone\" src=\"https:\/\/agora.xtec.cat\/escolamestralvilanova\/wp-content\/uploads\/usu729\/2020\/06\/ORLA-2020-300x279.jpg\" alt=\"\" width=\"300\" height=\"279\" srcset=\"https:\/\/agora.xtec.cat\/escolamestralvilanova\/wp-content\/uploads\/usu729\/2020\/06\/ORLA-2020-300x279.jpg 300w, https:\/\/agora.xtec.cat\/escolamestralvilanova\/wp-content\/uploads\/usu729\/2020\/06\/ORLA-2020-768x713.jpg 768w, https:\/\/agora.xtec.cat\/escolamestralvilanova\/wp-content\/uploads\/usu729\/2020\/06\/ORLA-2020-1024x951.jpg 1024w, https:\/\/agora.xtec.cat\/escolamestralvilanova\/wp-content\/uploads\/usu729\/2020\/06\/ORLA-2020.jpg 1284w\" sizes=\"auto, (max-width: 300px) 100vw, 300px\" \/><\/a><\/p>\n<p>Enlla\u00e7 als v\u00eddeos:<\/p>\n<ul>\n<li><a href=\"https:\/\/drive.google.com\/file\/d\/19Ajk4ZaDO96-JQKaUJMDutW3uswdR2p7\/view?usp=sharing\">V\u00cdDEO FOTOGRAFIES<\/a><\/li>\n<li><a href=\"https:\/\/drive.google.com\/file\/d\/1q6n7JdakpZm7ZaGj3gSRr-RMOqtldC7j\/view?usp=sharing\">EL MEU PAS PER L&#8217;ESCOLA<\/a><\/li>\n<li><a href=\"https:\/\/drive.google.com\/file\/d\/1IRuAcCyW97uoiscw99fssLm5ohikIkWY\/view?usp=sharing\">ACOMIADAMENT DELS MESTRES<\/a><\/li>\n<\/ul>\n<p>Per tal d&#8217;accedir a totes les fotografies anar al seg\u00fcent<a href=\"https:\/\/agora.xtec.cat\/escolamestralvilanova\/fotos-cicle-superior\/\"> enlla\u00e7<\/a><\/p>\n","protected":false},"excerpt":{"rendered":"<p>Amb l&#8217;acabament d&#8217;un nou curs escolar avui tamb\u00e9 ha arribat el moment d&#8217;acomiadar als alumnes de sis\u00e8.<br \/>\nDespr\u00e9s de 9 cursos a l&#8217;escola \u00e9s el moment de comen\u00e7ar una nova etapa, \u00e9s temps per valorar el bon cam\u00ed que heu fet plegats i la motxilla plena&hellip;  <a href=\"https:\/\/agora.xtec.cat\/escolamestralvilanova\/general\/acomiadem-als-alumnes-de-sise\/\" title=\"Read ACOMIADEM ALS ALUMNES DE SIS\u00c8\">Llegeix m\u00e9s\u00bb<\/a><\/p>\n","protected":false},"author":1,"featured_media":0,"comment_status":"open","ping_status":"closed","sticky":false,"template":"","format":"standard","meta":{"_bbp_topic_count":0,"_bbp_reply_count":0,"_bbp_total_topic_count":0,"_bbp_total_reply_count":0,"_bbp_voice_count":0,"_bbp_anonymous_reply_count":0,"_bbp_topic_count_hidden":0,"_bbp_reply_count_hidden":0,"_bbp_forum_subforum_count":0,"footnotes":""},"categories":[15,1,4,5],"tags":[],"class_list":["post-3309","post","type-post","status-publish","format-standard","hentry","category-cicle-superior","category-general","category-portada","category-primaria"],"post_mailing_queue_ids":[],"_links":{"self":[{"href":"https:\/\/agora.xtec.cat\/escolamestralvilanova\/wp-json\/wp\/v2\/posts\/3309","targetHints":{"allow":["GET"]}}],"collection":[{"href":"https:\/\/agora.xtec.cat\/escolamestralvilanova\/wp-json\/wp\/v2\/posts"}],"about":[{"href":"https:\/\/agora.xtec.cat\/escolamestralvilanova\/wp-json\/wp\/v2\/types\/post"}],"author":[{"embeddable":true,"href":"https:\/\/agora.xtec.cat\/escolamestralvilanova\/wp-json\/wp\/v2\/users\/1"}],"replies":[{"embeddable":true,"href":"https:\/\/agora.xtec.cat\/escolamestralvilanova\/wp-json\/wp\/v2\/comments?post=3309"}],"version-history":[{"count":3,"href":"https:\/\/agora.xtec.cat\/escolamestralvilanova\/wp-json\/wp\/v2\/posts\/3309\/revisions"}],"predecessor-version":[{"id":3375,"href":"https:\/\/agora.xtec.cat\/escolamestralvilanova\/wp-json\/wp\/v2\/posts\/3309\/revisions\/3375"}],"wp:attachment":[{"href":"https:\/\/agora.xtec.cat\/escolamestralvilanova\/wp-json\/wp\/v2\/media?parent=3309"}],"wp:term":[{"taxonomy":"category","embeddable":true,"href":"https:\/\/agora.xtec.cat\/escolamestralvilanova\/wp-json\/wp\/v2\/categories?post=3309"},{"taxonomy":"post_tag","embeddable":true,"href":"https:\/\/agora.xtec.cat\/escolamestralvilanova\/wp-json\/wp\/v2\/tags?post=3309"}],"curies":[{"name":"wp","href":"https:\/\/api.w.org\/{rel}","templated":true}]}}