{"id":3175,"date":"2020-05-27T19:13:34","date_gmt":"2020-05-27T17:13:34","guid":{"rendered":"http:\/\/agora.xtec.cat\/escolamestralvilanova\/?p=3175"},"modified":"2020-05-28T09:15:51","modified_gmt":"2020-05-28T07:15:51","slug":"reobertura-escola-mestral","status":"publish","type":"post","link":"https:\/\/agora.xtec.cat\/escolamestralvilanova\/general\/reobertura-escola-mestral\/","title":{"rendered":"REOBERTURA ESCOLA MESTRAL"},"content":{"rendered":"<p style=\"text-align: justify;\">En previsi\u00f3 de l\u2019entrada, en els propers dies, a la\u00a0<strong>FASE 2\u00a0<\/strong>de desescalada, des del Departament d\u2019Educaci\u00f3 se\u2019ns indica que, tot i el manteniment prioritari de l\u2019atenci\u00f3 telem\u00e0tica (ONLINE) fins el 19 de juny, cal oferir la possibilitat d\u2019una atenci\u00f3 personalitzada de forma presencial en les seg\u00fcents casos:<\/p>\n<p style=\"text-align: justify;\"><strong>Abans per\u00f2, s\u2019ha de matisar que el curs continua desenvolupant-se ONLINE fins el 19 de juny i\u00a0 les mesures de presencialitat al centre s\u00f3n excepcionals i no continuades.<\/strong><\/p>\n<p style=\"text-align: justify;\"><strong>EDUCACI\u00d3 INFANTIL<\/strong><\/p>\n<ul style=\"text-align: justify;\">\n<li>Seguiment del curs amb les propostes telem\u00e0tiques (ONLINE) des de casa\u00a0<strong>fins el divendres 19 de juny.<\/strong><\/li>\n<li>Nom\u00e9s s\u2019atendr\u00e0 els alumnes\u00a0<strong>d\u2019Educaci\u00f3 Infantil<\/strong>\u00a0que els seus progenitors\/tutors legals (<strong>els dos<\/strong>), hagin d\u2019assistir presencialment al lloc de treball i no tinguin possibilitat de flexibilitzar aquesta pres\u00e8ncia. Caldr\u00e0 presentar un\u00a0<a href=\"https:\/\/drive.google.com\/file\/d\/15TybDwwqhnbpajkWWO3Hj1JS70cO9nhL\/view?usp=sharing\" data-saferedirecturl=\"https:\/\/www.google.com\/url?q=https:\/\/drive.google.com\/file\/d\/15TybDwwqhnbpajkWWO3Hj1JS70cO9nhL\/view?usp%3Dsharing&amp;source=gmail&amp;ust=1590685873003000&amp;usg=AFQjCNF4RsB_Cd3DUAqwB7nuJW2h1fBxTw\"><strong><em>certificat\/declaraci\u00f3 responsable<\/em><\/strong><\/a>\u00a0que acrediti aquesta situaci\u00f3.<\/li>\n<\/ul>\n<p style=\"text-align: justify;\"><em>Durant aquesta setmana ens hem posat en contacte amb vosaltres per tal de fer una previsi\u00f3 de l\u2019alumnat que assistir\u00e0 continuadament durant aquest per\u00edode en\u00a0<strong>horari 9.00h a 13.00h<\/strong>.<\/em><\/p>\n<ul style=\"text-align: justify;\">\n<li>Tamb\u00e9 es realitzaran\u00a0<strong>tutories personalitzades<\/strong>\u00a0tutor\/a, infant i un tutor\/a legal\/ familiar amb els alumnes d\u2019Educaci\u00f3 Infantil. Us farem arribar els dies i els horaris de les tutories volunt\u00e0ries, havent concertat dia i hora pr\u00e8viament.<\/li>\n<li>Per tal de fer un comiat del curs amb els alumnes del grup, durant els darrers dies del curs hem programat fer\u00a0<strong>videoconfer\u00e8ncies grupals<\/strong>\u00a0per cada curs. Ser\u00e0 un bonic moment de retrobar-nos mestres i alumnes per desitjar-nos un bon estiu.<\/li>\n<\/ul>\n<p style=\"text-align: justify;\"><strong>EDUCACI\u00d3 PRIM\u00c0RIA<\/strong><\/p>\n<ul style=\"text-align: justify;\">\n<li>Seguiment del curs amb les propostes telem\u00e0tiques (ONLINE) des de casa<strong>\u00a0fins el divendres 19 de juny.<\/strong><\/li>\n<li>Es realitzaran tutories personalitzades tutor\/a, infant i un tutor\/a legal\/ familiar amb els alumnes\u00a0<strong>Educaci\u00f3 Prim\u00e0ria<\/strong>. Us farem arribar els dies i els horaris de les tutories volunt\u00e0ries, havent concertat dia i hora pr\u00e8viament.<\/li>\n<li>Per tal de fer un acompanyament de finalitzaci\u00f3 d\u2019etapa, s\u2019organitzar\u00e0 sessions setmanals presencials i volunt\u00e0ries amb els\u00a0<strong>alumnes de 6\u00e8.\u00a0<\/strong>Caldr\u00e0 presentar complimentada una\u00a0<a href=\"https:\/\/drive.google.com\/file\/d\/1rd7s0HoKJcuLfxi6IxpHFmFl5kXwllTY\/view?usp=sharing\" data-saferedirecturl=\"https:\/\/www.google.com\/url?q=https:\/\/drive.google.com\/file\/d\/1rd7s0HoKJcuLfxi6IxpHFmFl5kXwllTY\/view?usp%3Dsharing&amp;source=gmail&amp;ust=1590685873003000&amp;usg=AFQjCNFh10-PaKdetlVzBQHz4u-vEx_cKg\"><strong><em>declaraci\u00f3 responsable<\/em><\/strong><\/a>\u00a0per tal d\u2019accedir a l\u2019escola.<\/li>\n<li>Per tal de fer un comiat del curs amb els alumnes del grup, durant els darrers dies del curs hem programat fer\u00a0<strong>videoconfer\u00e8ncies grupals\u00a0<\/strong>per cada curs. Ser\u00e0 un bonic moment de retrobar-nos mestres i alumnes per desitjar-nos un bon estiu.<\/li>\n<\/ul>\n<p style=\"text-align: justify;\"><strong>RECORDEM QUE:<\/strong><\/p>\n<ul style=\"text-align: justify;\">\n<li>Tan l\u2019assist\u00e8ncia a aquestes tutories com l\u2019acolliment i les trobades de sis\u00e8\u00a0<strong>s\u00f3n volunt\u00e0ries<\/strong>.<\/li>\n<li>A les tutories es far\u00e0 una trobada presencial de\u00a0<strong>10-15 minuts<\/strong>\u00a0per fer un breu retrobament presencial amb l\u2019infant\u00a0 i un tutor\/a legal i concloure aix\u00ed el curs 2019-2020. S\u2019aprofitaran aquestes trobades per entregar les notes del segon i tercer trimestre i lliurar els materials que cada alumne t\u00e9 actualment a l\u2019escola.<\/li>\n<\/ul>\n<ul style=\"text-align: justify;\">\n<li>Sigueu sabedors que al centre hi haur\u00e0 el menor nombre de docents possible per poder garantir la continu\u00eftat del treball telem\u00e0tic (ONLINE) i les mesures de seguretat.<\/li>\n<\/ul>\n<p style=\"text-align: justify;\"><strong>MESURES DE SEGURETAT:<\/strong><\/p>\n<ol style=\"text-align: justify;\">\n<li>Requisits per poder venir presencialment a l\u2019escola:\n<ul>\n<li>Abs\u00e8ncia de\u00a0<strong>simptomatologia\u00a0<\/strong>compatible amb la COVID-19 (febre, tos, dificultat respirat\u00f2ria, malestar, diarrea&#8230;) o amb qualsevol altre quadre infecci\u00f3s.<\/li>\n<li>No\u00a0<strong>convivents\u00a0<\/strong>o\u00a0<strong>contacte estret\u00a0<\/strong>amb positiu confirmat o simptomatologia compatible en els 14 dies anteriors.<\/li>\n<li><strong>Calendari vacunal\u00a0<\/strong>al dia.<\/li>\n<li>Que l\u2019infant no presenti malalties cr\u00f2niques complexes (respirat\u00f2ries, card\u00edaques, diabetis, etc.)<\/li>\n<\/ul>\n<\/li>\n<li>Les fam\u00edlies no podran entrar al centre, excepte les que hagin sol\u00b7licitat tutoria presencial.<\/li>\n<li>Els infants hauran de mantenir una dist\u00e0ncia entre ells\/es de 2 metres. Activitats i materials el m\u00e0xim d\u2019individualitzats possible.<\/li>\n<li>\u00das de mascareta obligat\u00f2ria en cas de no poder mantenir les mesures de distanciament.<\/li>\n<\/ol>\n<p style=\"text-align: justify;\">L\u2019escola seguint les indicacions del Departament d\u2019Educaci\u00f3 ha elaborat un PROTOCOL DE REOBERTURA en el qual es detallen les actuacions i les condicions de salut i de seguretat de l\u2019alumnat i del personal docent i no docent, d\u2019acord amb les exig\u00e8ncies de l\u2019autoritat sanit\u00e0ria i de l\u2019atenci\u00f3 a la vulnerabilitat d\u2019alumnat, professorat i altre personal.\u00a0Aquest protocol, un cop aprovat, el podreu trobar en un lloc visible a la p\u00e0gina web de l\u2019escola.<\/p>\n","protected":false},"excerpt":{"rendered":"<p>En previsi\u00f3 de l\u2019entrada, en els propers dies, a la\u00a0FASE 2\u00a0de desescalada, des del Departament d\u2019Educaci\u00f3 se\u2019ns indica que, tot i el manteniment prioritari de l\u2019atenci\u00f3 telem\u00e0tica (ONLINE) fins el 19 de juny, cal oferir la possibilitat d\u2019una atenci\u00f3 personalitzada de forma presencial en les&hellip;  <a href=\"https:\/\/agora.xtec.cat\/escolamestralvilanova\/general\/reobertura-escola-mestral\/\" title=\"Read REOBERTURA ESCOLA MESTRAL\">Llegeix m\u00e9s\u00bb<\/a><\/p>\n","protected":false},"author":1,"featured_media":0,"comment_status":"open","ping_status":"closed","sticky":false,"template":"","format":"standard","meta":{"_bbp_topic_count":0,"_bbp_reply_count":0,"_bbp_total_topic_count":0,"_bbp_total_reply_count":0,"_bbp_voice_count":0,"_bbp_anonymous_reply_count":0,"_bbp_topic_count_hidden":0,"_bbp_reply_count_hidden":0,"_bbp_forum_subforum_count":0,"footnotes":""},"categories":[1,4],"tags":[],"class_list":["post-3175","post","type-post","status-publish","format-standard","hentry","category-general","category-portada"],"post_mailing_queue_ids":[],"_links":{"self":[{"href":"https:\/\/agora.xtec.cat\/escolamestralvilanova\/wp-json\/wp\/v2\/posts\/3175","targetHints":{"allow":["GET"]}}],"collection":[{"href":"https:\/\/agora.xtec.cat\/escolamestralvilanova\/wp-json\/wp\/v2\/posts"}],"about":[{"href":"https:\/\/agora.xtec.cat\/escolamestralvilanova\/wp-json\/wp\/v2\/types\/post"}],"author":[{"embeddable":true,"href":"https:\/\/agora.xtec.cat\/escolamestralvilanova\/wp-json\/wp\/v2\/users\/1"}],"replies":[{"embeddable":true,"href":"https:\/\/agora.xtec.cat\/escolamestralvilanova\/wp-json\/wp\/v2\/comments?post=3175"}],"version-history":[{"count":3,"href":"https:\/\/agora.xtec.cat\/escolamestralvilanova\/wp-json\/wp\/v2\/posts\/3175\/revisions"}],"predecessor-version":[{"id":3182,"href":"https:\/\/agora.xtec.cat\/escolamestralvilanova\/wp-json\/wp\/v2\/posts\/3175\/revisions\/3182"}],"wp:attachment":[{"href":"https:\/\/agora.xtec.cat\/escolamestralvilanova\/wp-json\/wp\/v2\/media?parent=3175"}],"wp:term":[{"taxonomy":"category","embeddable":true,"href":"https:\/\/agora.xtec.cat\/escolamestralvilanova\/wp-json\/wp\/v2\/categories?post=3175"},{"taxonomy":"post_tag","embeddable":true,"href":"https:\/\/agora.xtec.cat\/escolamestralvilanova\/wp-json\/wp\/v2\/tags?post=3175"}],"curies":[{"name":"wp","href":"https:\/\/api.w.org\/{rel}","templated":true}]}}