{"id":3093,"date":"2020-05-25T09:46:37","date_gmt":"2020-05-25T07:46:37","guid":{"rendered":"http:\/\/agora.xtec.cat\/escolamestralvilanova\/?p=3093"},"modified":"2020-05-25T09:52:02","modified_gmt":"2020-05-25T07:52:02","slug":"english-week","status":"publish","type":"post","link":"https:\/\/agora.xtec.cat\/escolamestralvilanova\/infantil\/english-week\/","title":{"rendered":"ENGLISH WEEK!"},"content":{"rendered":"<p class=\"gmail_default\" style=\"text-align: justify;\">Al llarg d&#8217;aquesta setmana celebrarem l&#8217;<b>ENGLISH WEEK!<\/b><\/p>\n<p class=\"gmail_default\" style=\"text-align: justify;\">Com ja \u00e9s tradici\u00f3, al voltant d&#8217;aquestes dates a l&#8217;escola celebrem l&#8217;English Day, aquesta activitat agrada molts als infants i els permet acostar-se una mica m\u00e9s a la llengua anglesa.\u00a0<b><img loading=\"lazy\" decoding=\"async\" class=\" wp-image-3095 alignright\" src=\"https:\/\/agora.xtec.cat\/escolamestralvilanova\/wp-content\/uploads\/usu729\/2020\/05\/1302f0272f1524c6a1586f2a3b367bcc-300x169.jpeg\" alt=\"\" width=\"247\" height=\"139\" srcset=\"https:\/\/agora.xtec.cat\/escolamestralvilanova\/wp-content\/uploads\/usu729\/2020\/05\/1302f0272f1524c6a1586f2a3b367bcc-300x169.jpeg 300w, https:\/\/agora.xtec.cat\/escolamestralvilanova\/wp-content\/uploads\/usu729\/2020\/05\/1302f0272f1524c6a1586f2a3b367bcc.jpeg 480w\" sizes=\"auto, (max-width: 247px) 100vw, 247px\" \/><\/b><\/p>\n<p class=\"gmail_default\" style=\"text-align: justify;\">Per\u00f2, degut a la situaci\u00f3 actual i la impossibilitat de celebrar-lo a l&#8217;escola hem adaptat aquesta activitat i l&#8217;hem convertit en l&#8217;English Week, que es realitzar\u00e0 de manera virtual.<\/p>\n<p class=\"gmail_default\" style=\"text-align: justify;\">Aix\u00ed, al llarg d&#8217;aquesta setmana les mestres d&#8217;angl\u00e8s de l&#8217;escola us proposaran, di\u00e0riament, activitats interactives relacionades amb la llengua anglesa i ajustades a cada cicle. Aquestes les anirem penjant a la p\u00e0gina web de l&#8217;escola i seran activitats l\u00fadiques, interactives i tindran l&#8217;objectiu d&#8217;apropar als vostres fills i filles a la llengua anglesa a trav\u00e9s del joc i les imatges. En cap cas hi haur\u00e0 retorn.<\/p>\n<p class=\"gmail_default\" style=\"text-align: justify;\"><strong>Esperem que les gaudiu molt i les pugueu compartir en fam\u00edlia!<\/strong><\/p>\n<p style=\"text-align: right;\"><strong>ARE YOU READY?<\/strong><\/p>\n","protected":false},"excerpt":{"rendered":"<p>Al llarg d&#8217;aquesta setmana celebrarem l&#8217;ENGLISH WEEK!<br \/>\nCom ja \u00e9s tradici\u00f3, al voltant d&#8217;aquestes dates a l&#8217;escola celebrem l&#8217;English Day, aquesta activitat agrada molts als infants i els permet acostar-se una mica m\u00e9s a la llengua anglesa.\u00a0<br \/>\nPer\u00f2, degut a la situaci\u00f3 actual i la impossibilitat de&hellip;  <a href=\"https:\/\/agora.xtec.cat\/escolamestralvilanova\/infantil\/english-week\/\" title=\"Read ENGLISH WEEK!\">Llegeix m\u00e9s\u00bb<\/a><\/p>\n","protected":false},"author":1,"featured_media":0,"comment_status":"open","ping_status":"closed","sticky":false,"template":"","format":"standard","meta":{"_bbp_topic_count":0,"_bbp_reply_count":0,"_bbp_total_topic_count":0,"_bbp_total_reply_count":0,"_bbp_voice_count":0,"_bbp_anonymous_reply_count":0,"_bbp_topic_count_hidden":0,"_bbp_reply_count_hidden":0,"_bbp_forum_subforum_count":0,"footnotes":""},"categories":[13,55,11,12,15,3,14,8,9,10,59,2,4,5],"tags":[],"class_list":["post-3093","post","type-post","status-publish","format-standard","hentry","category-cinque","category-aicle","category-cicle-inicial","category-tercer-quart","category-cicle-superior","category-ei3-ei4-ei5","category-ei1-ei2","category-ei4","category-ei5","category-ei5-primer","category-primer-cicle-ed-infantil","category-infantil","category-portada","category-primaria"],"post_mailing_queue_ids":[],"_links":{"self":[{"href":"https:\/\/agora.xtec.cat\/escolamestralvilanova\/wp-json\/wp\/v2\/posts\/3093","targetHints":{"allow":["GET"]}}],"collection":[{"href":"https:\/\/agora.xtec.cat\/escolamestralvilanova\/wp-json\/wp\/v2\/posts"}],"about":[{"href":"https:\/\/agora.xtec.cat\/escolamestralvilanova\/wp-json\/wp\/v2\/types\/post"}],"author":[{"embeddable":true,"href":"https:\/\/agora.xtec.cat\/escolamestralvilanova\/wp-json\/wp\/v2\/users\/1"}],"replies":[{"embeddable":true,"href":"https:\/\/agora.xtec.cat\/escolamestralvilanova\/wp-json\/wp\/v2\/comments?post=3093"}],"version-history":[{"count":3,"href":"https:\/\/agora.xtec.cat\/escolamestralvilanova\/wp-json\/wp\/v2\/posts\/3093\/revisions"}],"predecessor-version":[{"id":3098,"href":"https:\/\/agora.xtec.cat\/escolamestralvilanova\/wp-json\/wp\/v2\/posts\/3093\/revisions\/3098"}],"wp:attachment":[{"href":"https:\/\/agora.xtec.cat\/escolamestralvilanova\/wp-json\/wp\/v2\/media?parent=3093"}],"wp:term":[{"taxonomy":"category","embeddable":true,"href":"https:\/\/agora.xtec.cat\/escolamestralvilanova\/wp-json\/wp\/v2\/categories?post=3093"},{"taxonomy":"post_tag","embeddable":true,"href":"https:\/\/agora.xtec.cat\/escolamestralvilanova\/wp-json\/wp\/v2\/tags?post=3093"}],"curies":[{"name":"wp","href":"https:\/\/api.w.org\/{rel}","templated":true}]}}