{"id":2950,"date":"2020-05-07T19:22:50","date_gmt":"2020-05-07T17:22:50","guid":{"rendered":"http:\/\/agora.xtec.cat\/escolamestralvilanova\/?p=2950"},"modified":"2020-05-08T19:08:12","modified_gmt":"2020-05-08T17:08:12","slug":"preinscripcio-2020-2021-2","status":"publish","type":"post","link":"https:\/\/agora.xtec.cat\/escolamestralvilanova\/portada\/preinscripcio-2020-2021-2\/","title":{"rendered":"PREINSCRIPCI\u00d3 2020-2021"},"content":{"rendered":"<h3><span style=\"color: #000000;\">PER\u00cdODE DE PREINSCRIPCI\u00d3: del 13 al 22 de maig<\/span><\/h3>\n<p><a href=\"https:\/\/agora.xtec.cat\/escolamestralvilanova\/wp-content\/uploads\/usu729\/2020\/03\/NOVETAT.png\"><img loading=\"lazy\" decoding=\"async\" class=\" wp-image-2401 alignright\" src=\"https:\/\/agora.xtec.cat\/escolamestralvilanova\/wp-content\/uploads\/usu729\/2020\/03\/NOVETAT-300x285.png\" sizes=\"auto, (max-width: 161px) 100vw, 161px\" srcset=\"https:\/\/agora.xtec.cat\/escolamestralvilanova\/wp-content\/uploads\/usu729\/2020\/03\/NOVETAT-300x285.png 300w, https:\/\/agora.xtec.cat\/escolamestralvilanova\/wp-content\/uploads\/usu729\/2020\/03\/NOVETAT.png 620w\" alt=\"\" width=\"161\" height=\"153\" \/><\/a><br \/>\nS\u2019apropa el per\u00edode de preinscripci\u00f3 i des de l\u2019equip de mestres ens agradaria que les fam\u00edlies conegueu el projecte educatiu, l\u2019organitzaci\u00f3, la manera de treballar\u2026<\/p>\n<p>Dins la situaci\u00f3 actual, estem oberts a explicar-vos la nostra escola, per la qual cosa us facilitem el nostre\u00a0correu electr\u00f2nic\u00a0<b>c5005090@xtec.cat<\/b> per tal de contactar amb nosaltres.<\/p>\n<p>Us adjuntem un <a href=\"https:\/\/agora.xtec.cat\/escolamestralvilanova\/wp-content\/uploads\/usu729\/2020\/03\/Tr\u00edptic-Escola-Mestral.pdf\">TR\u00cdPTIC DE L\u2019ESCOLA<\/a> que recull la informaci\u00f3 m\u00e9s rellevant sobre la seva l\u00ednia pedag\u00f2gica, aix\u00ed com el cartell de la preinscripci\u00f3.<\/p>\n<p><a href=\"https:\/\/agora.xtec.cat\/escolamestralvilanova\/wp-content\/uploads\/usu729\/2020\/05\/CARTELL-PREINSCRIPCI\u00d3-MESTRAL.jpg\"><img loading=\"lazy\" decoding=\"async\" class=\"alignnone size-medium wp-image-2948\" src=\"https:\/\/agora.xtec.cat\/escolamestralvilanova\/wp-content\/uploads\/usu729\/2020\/05\/CARTELL-PREINSCRIPCI\u00d3-MESTRAL-300x168.jpg\" sizes=\"auto, (max-width: 300px) 100vw, 300px\" srcset=\"https:\/\/agora.xtec.cat\/escolamestralvilanova\/wp-content\/uploads\/usu729\/2020\/05\/CARTELL-PREINSCRIPCI\u00d3-MESTRAL-300x168.jpg 300w, https:\/\/agora.xtec.cat\/escolamestralvilanova\/wp-content\/uploads\/usu729\/2020\/05\/CARTELL-PREINSCRIPCI\u00d3-MESTRAL-768x431.jpg 768w, https:\/\/agora.xtec.cat\/escolamestralvilanova\/wp-content\/uploads\/usu729\/2020\/05\/CARTELL-PREINSCRIPCI\u00d3-MESTRAL-1024x574.jpg 1024w\" alt=\"\" width=\"300\" height=\"168\" \/><\/a><\/p>\n<p>Tanmateix, tamb\u00e9 us enllacem la informaci\u00f3 general referent a la preinscripci\u00f3 per al curs 2020-2021 que la trobareu a la seg\u00fcent web: <a href=\"http:\/\/queestudiar.gencat.cat\/ca\/preinscripcio\/estudis\/obligatoris\/\" target=\"_blank\" rel=\"noopener noreferrer\" data-saferedirecturl=\"https:\/\/www.google.com\/url?q=http:\/\/queestudiar.gencat.cat\/ca\/preinscripcio\/estudis\/obligatoris\/&amp;source=gmail&amp;ust=1583936464516000&amp;usg=AFQjCNHFTn9A4Xs-UrP5eA5JCeHEV2DM8Q\">del Departament d\u2019Educaci\u00f3<\/a><\/p>\n<p>Us hi esperem!<\/p>\n","protected":false},"excerpt":{"rendered":"<p>PER\u00cdODE DE PREINSCRIPCI\u00d3: del 13 al 22 de maig<br \/>\n<a href=\"https:\/\/agora.xtec.cat\/escolamestralvilanova\/wp-content\/uploads\/usu729\/2020\/03\/NOVETAT.png\"><\/a><br \/>\nS\u2019apropa el per\u00edode de preinscripci\u00f3 i des de l\u2019equip de mestres ens agradaria que les fam\u00edlies conegueu el projecte educatiu, l\u2019organitzaci\u00f3, la manera de treballar\u2026<br \/>\nDins la situaci\u00f3 actual, estem oberts a explicar-vos la nostra escola, per&hellip;  <a href=\"https:\/\/agora.xtec.cat\/escolamestralvilanova\/portada\/preinscripcio-2020-2021-2\/\" title=\"Read PREINSCRIPCI\u00d3 2020-2021\">Llegeix m\u00e9s\u00bb<\/a><\/p>\n","protected":false},"author":1,"featured_media":0,"comment_status":"open","ping_status":"closed","sticky":false,"template":"","format":"standard","meta":{"_bbp_topic_count":0,"_bbp_reply_count":0,"_bbp_total_topic_count":0,"_bbp_total_reply_count":0,"_bbp_voice_count":0,"_bbp_anonymous_reply_count":0,"_bbp_topic_count_hidden":0,"_bbp_reply_count_hidden":0,"_bbp_forum_subforum_count":0,"footnotes":""},"categories":[4],"tags":[],"class_list":["post-2950","post","type-post","status-publish","format-standard","hentry","category-portada"],"post_mailing_queue_ids":[],"_links":{"self":[{"href":"https:\/\/agora.xtec.cat\/escolamestralvilanova\/wp-json\/wp\/v2\/posts\/2950","targetHints":{"allow":["GET"]}}],"collection":[{"href":"https:\/\/agora.xtec.cat\/escolamestralvilanova\/wp-json\/wp\/v2\/posts"}],"about":[{"href":"https:\/\/agora.xtec.cat\/escolamestralvilanova\/wp-json\/wp\/v2\/types\/post"}],"author":[{"embeddable":true,"href":"https:\/\/agora.xtec.cat\/escolamestralvilanova\/wp-json\/wp\/v2\/users\/1"}],"replies":[{"embeddable":true,"href":"https:\/\/agora.xtec.cat\/escolamestralvilanova\/wp-json\/wp\/v2\/comments?post=2950"}],"version-history":[{"count":2,"href":"https:\/\/agora.xtec.cat\/escolamestralvilanova\/wp-json\/wp\/v2\/posts\/2950\/revisions"}],"predecessor-version":[{"id":2962,"href":"https:\/\/agora.xtec.cat\/escolamestralvilanova\/wp-json\/wp\/v2\/posts\/2950\/revisions\/2962"}],"wp:attachment":[{"href":"https:\/\/agora.xtec.cat\/escolamestralvilanova\/wp-json\/wp\/v2\/media?parent=2950"}],"wp:term":[{"taxonomy":"category","embeddable":true,"href":"https:\/\/agora.xtec.cat\/escolamestralvilanova\/wp-json\/wp\/v2\/categories?post=2950"},{"taxonomy":"post_tag","embeddable":true,"href":"https:\/\/agora.xtec.cat\/escolamestralvilanova\/wp-json\/wp\/v2\/tags?post=2950"}],"curies":[{"name":"wp","href":"https:\/\/api.w.org\/{rel}","templated":true}]}}