{"id":2860,"date":"2020-04-23T14:00:22","date_gmt":"2020-04-23T12:00:22","guid":{"rendered":"http:\/\/agora.xtec.cat\/escolamestralvilanova\/?p=2860"},"modified":"2020-04-23T14:39:55","modified_gmt":"2020-04-23T12:39:55","slug":"felic-diada-de-sant-jordi","status":"publish","type":"post","link":"https:\/\/agora.xtec.cat\/escolamestralvilanova\/general\/felic-diada-de-sant-jordi\/","title":{"rendered":"FELI\u00c7 DIADA de SANT JORDI"},"content":{"rendered":"<p class=\"gmail_default\">Totes les mestres i els mestres de l&#8217;Escola Mestral us desitgem que passeu una Feli\u00e7 Diada de Sant Jordi!<\/p>\n<p class=\"gmail_default\">Avui \u00e9s un dia especial que ens agrada molt celebrar amb els nens i nenes a l&#8217;escola. Aquest any no pot ser, per\u00f2 us volem fer saber que estem aqu\u00ed, ben a prop vostre pel que necessiteu.<\/p>\n<p class=\"gmail_default\">Tamb\u00e9 esperem que estigueu gaudint dels contes que compartim di\u00e0riament a la p\u00e0gina web, el nostre desig \u00e9s poder celebrar aquest Sant Jordi una mica m\u00e9s propers.<\/p>\n<p class=\"gmail_default\">Felicitar tamb\u00e9 als alumnes que ens han enviat les seves gravacions i produccions art\u00edstiques!<\/p>\n<p class=\"gmail_default\">Passeu un Feli\u00e7 Sant Jordi ple de roses i llibres!<\/p>\n<p><a href=\"https:\/\/agora.xtec.cat\/escolamestralvilanova\/wp-content\/uploads\/usu729\/2020\/04\/FELICITACI\u00d3-SANT-JORDI-2020_Mestral.png\"><img loading=\"lazy\" decoding=\"async\" class=\"alignnone wp-image-2862 \" src=\"https:\/\/agora.xtec.cat\/escolamestralvilanova\/wp-content\/uploads\/usu729\/2020\/04\/FELICITACI\u00d3-SANT-JORDI-2020_Mestral.png\" alt=\"\" width=\"598\" height=\"340\" srcset=\"https:\/\/agora.xtec.cat\/escolamestralvilanova\/wp-content\/uploads\/usu729\/2020\/04\/FELICITACI\u00d3-SANT-JORDI-2020_Mestral.png 1300w, https:\/\/agora.xtec.cat\/escolamestralvilanova\/wp-content\/uploads\/usu729\/2020\/04\/FELICITACI\u00d3-SANT-JORDI-2020_Mestral-300x171.png 300w, https:\/\/agora.xtec.cat\/escolamestralvilanova\/wp-content\/uploads\/usu729\/2020\/04\/FELICITACI\u00d3-SANT-JORDI-2020_Mestral-768x437.png 768w, https:\/\/agora.xtec.cat\/escolamestralvilanova\/wp-content\/uploads\/usu729\/2020\/04\/FELICITACI\u00d3-SANT-JORDI-2020_Mestral-1024x583.png 1024w\" sizes=\"auto, (max-width: 598px) 100vw, 598px\" \/><\/a><\/p>\n<p>Equip de mestres<\/p>\n","protected":false},"excerpt":{"rendered":"<p>Totes les mestres i els mestres de l&#8217;Escola Mestral us desitgem que passeu una Feli\u00e7 Diada de Sant Jordi!<br \/>\nAvui \u00e9s un dia especial que ens agrada molt celebrar amb els nens i nenes a l&#8217;escola. Aquest any no pot ser, per\u00f2 us volem fer saber&hellip;  <a href=\"https:\/\/agora.xtec.cat\/escolamestralvilanova\/general\/felic-diada-de-sant-jordi\/\" title=\"Read FELI\u00c7 DIADA de SANT JORDI\">Llegeix m\u00e9s\u00bb<\/a><\/p>\n","protected":false},"author":1,"featured_media":0,"comment_status":"open","ping_status":"closed","sticky":false,"template":"","format":"standard","meta":{"_bbp_topic_count":0,"_bbp_reply_count":0,"_bbp_total_topic_count":0,"_bbp_total_reply_count":0,"_bbp_voice_count":0,"_bbp_anonymous_reply_count":0,"_bbp_topic_count_hidden":0,"_bbp_reply_count_hidden":0,"_bbp_forum_subforum_count":0,"footnotes":""},"categories":[1,52,4],"tags":[],"class_list":["post-2860","post","type-post","status-publish","format-standard","hentry","category-general","category-llegim","category-portada"],"post_mailing_queue_ids":[],"_links":{"self":[{"href":"https:\/\/agora.xtec.cat\/escolamestralvilanova\/wp-json\/wp\/v2\/posts\/2860","targetHints":{"allow":["GET"]}}],"collection":[{"href":"https:\/\/agora.xtec.cat\/escolamestralvilanova\/wp-json\/wp\/v2\/posts"}],"about":[{"href":"https:\/\/agora.xtec.cat\/escolamestralvilanova\/wp-json\/wp\/v2\/types\/post"}],"author":[{"embeddable":true,"href":"https:\/\/agora.xtec.cat\/escolamestralvilanova\/wp-json\/wp\/v2\/users\/1"}],"replies":[{"embeddable":true,"href":"https:\/\/agora.xtec.cat\/escolamestralvilanova\/wp-json\/wp\/v2\/comments?post=2860"}],"version-history":[{"count":2,"href":"https:\/\/agora.xtec.cat\/escolamestralvilanova\/wp-json\/wp\/v2\/posts\/2860\/revisions"}],"predecessor-version":[{"id":2863,"href":"https:\/\/agora.xtec.cat\/escolamestralvilanova\/wp-json\/wp\/v2\/posts\/2860\/revisions\/2863"}],"wp:attachment":[{"href":"https:\/\/agora.xtec.cat\/escolamestralvilanova\/wp-json\/wp\/v2\/media?parent=2860"}],"wp:term":[{"taxonomy":"category","embeddable":true,"href":"https:\/\/agora.xtec.cat\/escolamestralvilanova\/wp-json\/wp\/v2\/categories?post=2860"},{"taxonomy":"post_tag","embeddable":true,"href":"https:\/\/agora.xtec.cat\/escolamestralvilanova\/wp-json\/wp\/v2\/tags?post=2860"}],"curies":[{"name":"wp","href":"https:\/\/api.w.org\/{rel}","templated":true}]}}