{"id":2777,"date":"2020-04-20T09:06:10","date_gmt":"2020-04-20T07:06:10","guid":{"rendered":"http:\/\/agora.xtec.cat\/escolamestralvilanova\/?p=2777"},"modified":"2020-04-20T09:36:31","modified_gmt":"2020-04-20T07:36:31","slug":"sant-jordi","status":"publish","type":"post","link":"https:\/\/agora.xtec.cat\/escolamestralvilanova\/infantil\/sant-jordi\/","title":{"rendered":"S&#8217;ACOSTA SANT JORDI&#8230;"},"content":{"rendered":"<p class=\"gmail_default\" style=\"text-align: justify;\">Ja s&#8217;acosta Sant Jordi&#8230; Aquesta \u00e9s un festa tradicional que cada any ens agrada molt celebrar a l&#8217;escola realitzant activitats especials amb els nens i nenes. Aquest any no el podrem passar plegats per\u00f2 no volem deixar de celebrar-lo amb vosaltres!<\/p>\n<p class=\"gmail_default\" style=\"text-align: justify;\">\u00c9s per aquest motiu, que des del claustre de mestres hem pres la iniciativa de <strong>regalar-vos un conte<\/strong> cada dia durant aquesta setmana tan especial.<img loading=\"lazy\" decoding=\"async\" class=\"wp-image-2799 alignright\" src=\"https:\/\/agora.xtec.cat\/escolamestralvilanova\/wp-content\/uploads\/usu729\/2020\/04\/libro-287x300.png\" alt=\"\" width=\"120\" height=\"125\" srcset=\"https:\/\/agora.xtec.cat\/escolamestralvilanova\/wp-content\/uploads\/usu729\/2020\/04\/libro-287x300.png 287w, https:\/\/agora.xtec.cat\/escolamestralvilanova\/wp-content\/uploads\/usu729\/2020\/04\/libro.png 450w\" sizes=\"auto, (max-width: 120px) 100vw, 120px\" \/><\/p>\n<p class=\"gmail_default\" style=\"text-align: justify;\">Alguns mestres del claustre ens hem gravat des de les nostres cases explicant-vos un conte. Esperem que us agradin i que aix\u00f2 ens faci estar una mica m\u00e9s a prop vostre. Cada dia els penjarem a la p\u00e0gina web de l&#8217;escola per tal que els pugueu veure en fam\u00edlia!<\/p>\n<p class=\"gmail_default\" style=\"text-align: justify;\">Tamb\u00e9 us animem a que si des de casa us voleu gravar explicant un conte o una hist\u00f2ria ho feu i ens envieu el v\u00eddeo al correu electr\u00f2nic de l&#8217;escola\u00a0<a style=\"font-family: inherit; font-size: 1em;\" target=\"_blank\" rel=\"noopener noreferrer\">c5005090@xtec.cat<\/a><\/p>\n<p class=\"gmail_default\" style=\"text-align: justify;\">Aquells v\u00eddeos que envieu els podrem compartir amb la resta de companys i companyes de l&#8217;escola. De ben segur que ser\u00e0 bonic i ens far\u00e0 molta il\u00b7lusi\u00f3 veure-us explicant contes i hist\u00f2ries que us agradin.<\/p>\n<p style=\"text-align: justify;\"><img loading=\"lazy\" decoding=\"async\" class=\"wp-image-2800 alignleft\" src=\"https:\/\/agora.xtec.cat\/escolamestralvilanova\/wp-content\/uploads\/usu729\/2020\/04\/rosa-135x300.png\" alt=\"\" width=\"63\" height=\"140\" srcset=\"https:\/\/agora.xtec.cat\/escolamestralvilanova\/wp-content\/uploads\/usu729\/2020\/04\/rosa-135x300.png 135w, https:\/\/agora.xtec.cat\/escolamestralvilanova\/wp-content\/uploads\/usu729\/2020\/04\/rosa.png 278w\" sizes=\"auto, (max-width: 63px) 100vw, 63px\" \/><br \/>\nUna altra activitat que tamb\u00e9 us proposem i adjuntarem a la graella d&#8217;activitats de la setmana consisteix a\u00a0<span style=\"font-weight: 400;\">fer una <\/span><b>rosa<\/b><span style=\"font-weight: 400;\"> per poder-la penjar al balc\u00f3 o finestra de casa el <strong>dijous 23 d\u2019abril<\/strong> per poder celebrar <\/span><b>Sant Jordi<\/b><span style=\"font-weight: 400;\"> d\u2019una manera diferent.<\/span><\/p>\n<p style=\"text-align: justify;\"><span style=\"font-weight: 400;\">Aix\u00ed doncs, nom\u00e9s cal buscar materials per fer un dibuix o una manualitat d\u2019una rosa ben maca i compartir-la amb una fotografia.\u00a0<\/span><\/p>\n<p style=\"text-align: justify;\"><span style=\"font-weight: 400;\">Una vegada fet aix\u00f2, guardeu la rosa en un lloc que recordeu i no es faci malb\u00e9. I el dia <\/span>23 d\u2019abril<span style=\"font-weight: 400;\"> recordeu penjar-la a les vostres cases perqu\u00e8 tothom la pugui veure.<\/span><\/p>\n<p>Un enviem molts \u00e0nims i esperem poder veure&#8217;ns molt aviat!<\/p>\n<p style=\"text-align: right;\">VISCA SANT JORDI!<\/p>\n","protected":false},"excerpt":{"rendered":"<p>Ja s&#8217;acosta Sant Jordi&#8230; Aquesta \u00e9s un festa tradicional que cada any ens agrada molt celebrar a l&#8217;escola realitzant activitats especials amb els nens i nenes. Aquest any no el podrem passar plegats per\u00f2 no volem deixar de celebrar-lo amb vosaltres!<br \/>\n\u00c9s per aquest motiu, que&hellip;  <a href=\"https:\/\/agora.xtec.cat\/escolamestralvilanova\/infantil\/sant-jordi\/\" title=\"Read S&#8217;ACOSTA SANT JORDI&#8230;\">Llegeix m\u00e9s\u00bb<\/a><\/p>\n","protected":false},"author":1,"featured_media":0,"comment_status":"open","ping_status":"closed","sticky":false,"template":"","format":"standard","meta":{"_bbp_topic_count":0,"_bbp_reply_count":0,"_bbp_total_topic_count":0,"_bbp_total_reply_count":0,"_bbp_voice_count":0,"_bbp_anonymous_reply_count":0,"_bbp_topic_count_hidden":0,"_bbp_reply_count_hidden":0,"_bbp_forum_subforum_count":0,"footnotes":""},"categories":[13,11,12,15,3,14,8,9,10,59,2,52,4,5],"tags":[],"class_list":["post-2777","post","type-post","status-publish","format-standard","hentry","category-cinque","category-cicle-inicial","category-tercer-quart","category-cicle-superior","category-ei3-ei4-ei5","category-ei1-ei2","category-ei4","category-ei5","category-ei5-primer","category-primer-cicle-ed-infantil","category-infantil","category-llegim","category-portada","category-primaria"],"post_mailing_queue_ids":[],"_links":{"self":[{"href":"https:\/\/agora.xtec.cat\/escolamestralvilanova\/wp-json\/wp\/v2\/posts\/2777","targetHints":{"allow":["GET"]}}],"collection":[{"href":"https:\/\/agora.xtec.cat\/escolamestralvilanova\/wp-json\/wp\/v2\/posts"}],"about":[{"href":"https:\/\/agora.xtec.cat\/escolamestralvilanova\/wp-json\/wp\/v2\/types\/post"}],"author":[{"embeddable":true,"href":"https:\/\/agora.xtec.cat\/escolamestralvilanova\/wp-json\/wp\/v2\/users\/1"}],"replies":[{"embeddable":true,"href":"https:\/\/agora.xtec.cat\/escolamestralvilanova\/wp-json\/wp\/v2\/comments?post=2777"}],"version-history":[{"count":3,"href":"https:\/\/agora.xtec.cat\/escolamestralvilanova\/wp-json\/wp\/v2\/posts\/2777\/revisions"}],"predecessor-version":[{"id":2802,"href":"https:\/\/agora.xtec.cat\/escolamestralvilanova\/wp-json\/wp\/v2\/posts\/2777\/revisions\/2802"}],"wp:attachment":[{"href":"https:\/\/agora.xtec.cat\/escolamestralvilanova\/wp-json\/wp\/v2\/media?parent=2777"}],"wp:term":[{"taxonomy":"category","embeddable":true,"href":"https:\/\/agora.xtec.cat\/escolamestralvilanova\/wp-json\/wp\/v2\/categories?post=2777"},{"taxonomy":"post_tag","embeddable":true,"href":"https:\/\/agora.xtec.cat\/escolamestralvilanova\/wp-json\/wp\/v2\/tags?post=2777"}],"curies":[{"name":"wp","href":"https:\/\/api.w.org\/{rel}","templated":true}]}}