{"id":2696,"date":"2020-03-31T11:36:28","date_gmt":"2020-03-31T09:36:28","guid":{"rendered":"http:\/\/agora.xtec.cat\/escolamestralvilanova\/?p=2696"},"modified":"2020-04-20T09:25:38","modified_gmt":"2020-04-20T07:25:38","slug":"jo-em-quedo-a-casa","status":"publish","type":"post","link":"https:\/\/agora.xtec.cat\/escolamestralvilanova\/infantil\/jo-em-quedo-a-casa\/","title":{"rendered":"JO EM QUEDO A CASA"},"content":{"rendered":"<p style=\"text-align: justify;\">Tot seguit us adjuntem orientacions i activitats que el Departament d&#8217;Educaci\u00f3 ens ha fet arribar a l&#8217;escola en relaci\u00f3 amb el temps que estem compartint amb els nostres infants. Aquestes han estat complimentades amb altres activitats proposades pel claustre de mestres de l&#8217;escola.<\/p>\n<p style=\"text-align: justify;\">Tal com podreu comprovar, trobareu tant taques com orientacions adre\u00e7ades tant als infants d&#8217;educaci\u00f3 Infantil com d&#8217;educaci\u00f3 Prim\u00e0ria.<\/p>\n<p style=\"text-align: justify;\">Esperem que us ajudi a passar millor aquest temps a casa! Us trobem a faltar! #joemquedoacasa #totanir\u00e0b\u00e9<\/p>\n<ul>\n<li>\n<h5><a href=\"https:\/\/agora.xtec.cat\/escolamestralvilanova\/lescola\/jo-em-quedo-a-casa\/\">ACC\u00c9S A LES ACTIVITATS<\/a><\/h5>\n<\/li>\n<\/ul>\n<p><a href=\"https:\/\/agora.xtec.cat\/escolamestralvilanova\/lescola\/jo-em-quedo-a-casa\/\"><img loading=\"lazy\" decoding=\"async\" class=\"alignnone size-medium wp-image-2680\" src=\"https:\/\/agora.xtec.cat\/escolamestralvilanova\/wp-content\/uploads\/usu729\/2020\/04\/joemquedoacasa-1-300x167.png\" alt=\"\" width=\"300\" height=\"167\" srcset=\"https:\/\/agora.xtec.cat\/escolamestralvilanova\/wp-content\/uploads\/usu729\/2020\/04\/joemquedoacasa-1-300x167.png 300w, https:\/\/agora.xtec.cat\/escolamestralvilanova\/wp-content\/uploads\/usu729\/2020\/04\/joemquedoacasa-1.png 304w\" sizes=\"auto, (max-width: 300px) 100vw, 300px\" \/><\/a><\/p>\n","protected":false},"excerpt":{"rendered":"<p>Tot seguit us adjuntem orientacions i activitats que el Departament d&#8217;Educaci\u00f3 ens ha fet arribar a l&#8217;escola en relaci\u00f3 amb el temps que estem compartint amb els nostres infants. Aquestes han estat complimentades amb altres activitats proposades pel claustre de mestres de l&#8217;escola.<br \/>\nTal com podreu&hellip;  <a href=\"https:\/\/agora.xtec.cat\/escolamestralvilanova\/infantil\/jo-em-quedo-a-casa\/\" title=\"Read JO EM QUEDO A CASA\">Llegeix m\u00e9s\u00bb<\/a><\/p>\n","protected":false},"author":1,"featured_media":0,"comment_status":"open","ping_status":"closed","sticky":false,"template":"","format":"standard","meta":{"_bbp_topic_count":0,"_bbp_reply_count":0,"_bbp_total_topic_count":0,"_bbp_total_reply_count":0,"_bbp_voice_count":0,"_bbp_anonymous_reply_count":0,"_bbp_topic_count_hidden":0,"_bbp_reply_count_hidden":0,"_bbp_forum_subforum_count":0,"footnotes":""},"categories":[13,55,11,12,15,56,3,14,8,9,10,59,2,53,4,5],"tags":[],"class_list":["post-2696","post","type-post","status-publish","format-standard","hentry","category-cinque","category-aicle","category-cicle-inicial","category-tercer-quart","category-cicle-superior","category-educacio-fisica","category-ei3-ei4-ei5","category-ei1-ei2","category-ei4","category-ei5","category-ei5-primer","category-primer-cicle-ed-infantil","category-infantil","category-lespai-musical","category-portada","category-primaria"],"post_mailing_queue_ids":[],"_links":{"self":[{"href":"https:\/\/agora.xtec.cat\/escolamestralvilanova\/wp-json\/wp\/v2\/posts\/2696","targetHints":{"allow":["GET"]}}],"collection":[{"href":"https:\/\/agora.xtec.cat\/escolamestralvilanova\/wp-json\/wp\/v2\/posts"}],"about":[{"href":"https:\/\/agora.xtec.cat\/escolamestralvilanova\/wp-json\/wp\/v2\/types\/post"}],"author":[{"embeddable":true,"href":"https:\/\/agora.xtec.cat\/escolamestralvilanova\/wp-json\/wp\/v2\/users\/1"}],"replies":[{"embeddable":true,"href":"https:\/\/agora.xtec.cat\/escolamestralvilanova\/wp-json\/wp\/v2\/comments?post=2696"}],"version-history":[{"count":2,"href":"https:\/\/agora.xtec.cat\/escolamestralvilanova\/wp-json\/wp\/v2\/posts\/2696\/revisions"}],"predecessor-version":[{"id":2798,"href":"https:\/\/agora.xtec.cat\/escolamestralvilanova\/wp-json\/wp\/v2\/posts\/2696\/revisions\/2798"}],"wp:attachment":[{"href":"https:\/\/agora.xtec.cat\/escolamestralvilanova\/wp-json\/wp\/v2\/media?parent=2696"}],"wp:term":[{"taxonomy":"category","embeddable":true,"href":"https:\/\/agora.xtec.cat\/escolamestralvilanova\/wp-json\/wp\/v2\/categories?post=2696"},{"taxonomy":"post_tag","embeddable":true,"href":"https:\/\/agora.xtec.cat\/escolamestralvilanova\/wp-json\/wp\/v2\/tags?post=2696"}],"curies":[{"name":"wp","href":"https:\/\/api.w.org\/{rel}","templated":true}]}}