{"id":2288,"date":"2020-03-10T15:25:26","date_gmt":"2020-03-10T14:25:26","guid":{"rendered":"http:\/\/agora.xtec.cat\/escolamestralvilanova\/?p=2288"},"modified":"2020-03-10T15:26:07","modified_gmt":"2020-03-10T14:26:07","slug":"preinscripcio-2020-2021","status":"publish","type":"post","link":"https:\/\/agora.xtec.cat\/escolamestralvilanova\/portada\/preinscripcio-2020-2021\/","title":{"rendered":"PREINSCRIPCI\u00d3 2020\/2021"},"content":{"rendered":"<p>S&#8217;apropa el per\u00edode de preinscripci\u00f3 i des de l\u2019equip de mestres ens agradaria que les fam\u00edlies conegueu el projecte educatiu, l&#8217;organitzaci\u00f3, la manera de treballar\u2026 i considerem que la millor manera de fer-ho \u00e9s entrant a la nostra escola per poder veure de primera m\u00e0 qu\u00e8 fem i com ho fem.<\/p>\n<p>Aix\u00ed, estem oberts a rebre la vostra visita, per la qual cosa us facilitem el nostre tel\u00e8fon<b> 973 19 11 77<\/b> i el correu <b>c5005090@xtec.cat<\/b> per trobar la millor data.<\/p>\n<p>Us mostrem un tr\u00edptic de l&#8217;escola que recull la informaci\u00f3 m\u00e9s rellevant sobre la seva l\u00ednia pedag\u00f2gica, aix\u00ed com el cartell de la preinscripci\u00f3.<\/p>\n<p>Tanmateix, tamb\u00e9 us enllacem la informaci\u00f3 general referent a la preinscripci\u00f3 per al curs 2020-2021 que la trobareu a la seg\u00fcent web: <a href=\"http:\/\/queestudiar.gencat.cat\/ca\/preinscripcio\/estudis\/obligatoris\/\" target=\"_blank\" rel=\"noopener noreferrer\" data-saferedirecturl=\"https:\/\/www.google.com\/url?q=http:\/\/queestudiar.gencat.cat\/ca\/preinscripcio\/estudis\/obligatoris\/&amp;source=gmail&amp;ust=1583936464516000&amp;usg=AFQjCNHFTn9A4Xs-UrP5eA5JCeHEV2DM8Q\">del Departament d&#8217;Educaci\u00f3<\/a><\/p>\n<p><a href=\"https:\/\/agora.xtec.cat\/escolamestralvilanova\/wp-content\/uploads\/usu729\/2020\/03\/Cartell-Preinscripci\u00f32021.jpg\"><img loading=\"lazy\" decoding=\"async\" class=\"alignnone size-medium wp-image-2286\" src=\"https:\/\/agora.xtec.cat\/escolamestralvilanova\/wp-content\/uploads\/usu729\/2020\/03\/Cartell-Preinscripci\u00f32021-300x169.jpg\" alt=\"\" width=\"300\" height=\"169\" \/><\/a><\/p>\n<ul>\n<li><a href=\"https:\/\/agora.xtec.cat\/escolamestralvilanova\/wp-content\/uploads\/usu729\/2020\/03\/Tr\u00edptic-Escola-Mestral.pdf\">TR\u00cdPTIC ESCOLA<\/a><\/li>\n<\/ul>\n<p>Us esperem!<\/p>\n","protected":false},"excerpt":{"rendered":"<p>S&#8217;apropa el per\u00edode de preinscripci\u00f3 i des de l\u2019equip de mestres ens agradaria que les fam\u00edlies conegueu el projecte educatiu, l&#8217;organitzaci\u00f3, la manera de treballar\u2026 i considerem que la millor manera de fer-ho \u00e9s entrant a la nostra escola per poder veure de primera m\u00e0&hellip;  <a href=\"https:\/\/agora.xtec.cat\/escolamestralvilanova\/portada\/preinscripcio-2020-2021\/\" title=\"Read PREINSCRIPCI\u00d3 2020\/2021\">Llegeix m\u00e9s\u00bb<\/a><\/p>\n","protected":false},"author":1,"featured_media":0,"comment_status":"open","ping_status":"closed","sticky":false,"template":"","format":"standard","meta":{"_bbp_topic_count":0,"_bbp_reply_count":0,"_bbp_total_topic_count":0,"_bbp_total_reply_count":0,"_bbp_voice_count":0,"_bbp_anonymous_reply_count":0,"_bbp_topic_count_hidden":0,"_bbp_reply_count_hidden":0,"_bbp_forum_subforum_count":0,"footnotes":""},"categories":[4],"tags":[],"class_list":["post-2288","post","type-post","status-publish","format-standard","hentry","category-portada"],"post_mailing_queue_ids":[],"_links":{"self":[{"href":"https:\/\/agora.xtec.cat\/escolamestralvilanova\/wp-json\/wp\/v2\/posts\/2288","targetHints":{"allow":["GET"]}}],"collection":[{"href":"https:\/\/agora.xtec.cat\/escolamestralvilanova\/wp-json\/wp\/v2\/posts"}],"about":[{"href":"https:\/\/agora.xtec.cat\/escolamestralvilanova\/wp-json\/wp\/v2\/types\/post"}],"author":[{"embeddable":true,"href":"https:\/\/agora.xtec.cat\/escolamestralvilanova\/wp-json\/wp\/v2\/users\/1"}],"replies":[{"embeddable":true,"href":"https:\/\/agora.xtec.cat\/escolamestralvilanova\/wp-json\/wp\/v2\/comments?post=2288"}],"version-history":[{"count":2,"href":"https:\/\/agora.xtec.cat\/escolamestralvilanova\/wp-json\/wp\/v2\/posts\/2288\/revisions"}],"predecessor-version":[{"id":2291,"href":"https:\/\/agora.xtec.cat\/escolamestralvilanova\/wp-json\/wp\/v2\/posts\/2288\/revisions\/2291"}],"wp:attachment":[{"href":"https:\/\/agora.xtec.cat\/escolamestralvilanova\/wp-json\/wp\/v2\/media?parent=2288"}],"wp:term":[{"taxonomy":"category","embeddable":true,"href":"https:\/\/agora.xtec.cat\/escolamestralvilanova\/wp-json\/wp\/v2\/categories?post=2288"},{"taxonomy":"post_tag","embeddable":true,"href":"https:\/\/agora.xtec.cat\/escolamestralvilanova\/wp-json\/wp\/v2\/tags?post=2288"}],"curies":[{"name":"wp","href":"https:\/\/api.w.org\/{rel}","templated":true}]}}