{"id":2270,"date":"2020-03-05T16:00:14","date_gmt":"2020-03-05T15:00:14","guid":{"rendered":"http:\/\/agora.xtec.cat\/escolamestralvilanova\/?p=2270"},"modified":"2020-03-05T16:08:40","modified_gmt":"2020-03-05T15:08:40","slug":"sortida-a-barcelona","status":"publish","type":"post","link":"https:\/\/agora.xtec.cat\/escolamestralvilanova\/portada\/sortida-a-barcelona\/","title":{"rendered":"SORTIDA DE ZER A BARCELONA"},"content":{"rendered":"<p>Durant el dia d&#8217;avui els nens i nenes de Cicle Mitj\u00e0 i Cicle Superior de l&#8217;escola han realitzat una Sortida de ZER a Barcelona.<\/p>\n<p>La sortida ha transcorregut, b\u00e0sicament, pel recinte del Cosmo Caixa on hem pogut gaudir de les diferents exposicions i experi\u00e8ncies que ofereix.<\/p>\n<p>Tamb\u00e9 ha estat una bona oportunitat per fomentar la conviv\u00e8ncia entre nosaltres, aix\u00ed com amb els nostres companys\/es i mestres de l&#8217;escola de Torrelameu.<\/p>\n<p>Ens ha agradat molt i hem apr\u00e8s molt!<\/p>\n<ul>\n<li><a href=\"https:\/\/photos.app.goo.gl\/WSoy8cfDrESEitE4A\">ENLLA\u00c7 A LES FOTOGRAFIES<\/a><\/li>\n<\/ul>\n<p><a href=\"https:\/\/agora.xtec.cat\/escolamestralvilanova\/wp-content\/uploads\/usu729\/2020\/03\/a42b2614-fb02-4429-a4fe-07e6ff03d28e.jpg\"><img loading=\"lazy\" decoding=\"async\" class=\"alignnone size-medium wp-image-2274\" src=\"https:\/\/agora.xtec.cat\/escolamestralvilanova\/wp-content\/uploads\/usu729\/2020\/03\/a42b2614-fb02-4429-a4fe-07e6ff03d28e-300x169.jpg\" alt=\"\" width=\"300\" height=\"169\" srcset=\"https:\/\/agora.xtec.cat\/escolamestralvilanova\/wp-content\/uploads\/usu729\/2020\/03\/a42b2614-fb02-4429-a4fe-07e6ff03d28e-300x169.jpg 300w, https:\/\/agora.xtec.cat\/escolamestralvilanova\/wp-content\/uploads\/usu729\/2020\/03\/a42b2614-fb02-4429-a4fe-07e6ff03d28e.jpg 640w\" sizes=\"auto, (max-width: 300px) 100vw, 300px\" \/><\/a><\/p>\n<p>&nbsp;<\/p>\n","protected":false},"excerpt":{"rendered":"<p>Durant el dia d&#8217;avui els nens i nenes de Cicle Mitj\u00e0 i Cicle Superior de l&#8217;escola han realitzat una Sortida de ZER a Barcelona.<br \/>\nLa sortida ha transcorregut, b\u00e0sicament, pel recinte del Cosmo Caixa on hem pogut gaudir de les diferents exposicions i experi\u00e8ncies que ofereix.<br \/>\nTamb\u00e9&hellip;  <a href=\"https:\/\/agora.xtec.cat\/escolamestralvilanova\/portada\/sortida-a-barcelona\/\" title=\"Read SORTIDA DE ZER A BARCELONA\">Llegeix m\u00e9s\u00bb<\/a><\/p>\n","protected":false},"author":1,"featured_media":0,"comment_status":"open","ping_status":"closed","sticky":false,"template":"","format":"standard","meta":{"_bbp_topic_count":0,"_bbp_reply_count":0,"_bbp_total_topic_count":0,"_bbp_total_reply_count":0,"_bbp_voice_count":0,"_bbp_anonymous_reply_count":0,"_bbp_topic_count_hidden":0,"_bbp_reply_count_hidden":0,"_bbp_forum_subforum_count":0,"footnotes":""},"categories":[13,11,12,15,4,5],"tags":[],"class_list":["post-2270","post","type-post","status-publish","format-standard","hentry","category-cinque","category-cicle-inicial","category-tercer-quart","category-cicle-superior","category-portada","category-primaria"],"post_mailing_queue_ids":[],"_links":{"self":[{"href":"https:\/\/agora.xtec.cat\/escolamestralvilanova\/wp-json\/wp\/v2\/posts\/2270","targetHints":{"allow":["GET"]}}],"collection":[{"href":"https:\/\/agora.xtec.cat\/escolamestralvilanova\/wp-json\/wp\/v2\/posts"}],"about":[{"href":"https:\/\/agora.xtec.cat\/escolamestralvilanova\/wp-json\/wp\/v2\/types\/post"}],"author":[{"embeddable":true,"href":"https:\/\/agora.xtec.cat\/escolamestralvilanova\/wp-json\/wp\/v2\/users\/1"}],"replies":[{"embeddable":true,"href":"https:\/\/agora.xtec.cat\/escolamestralvilanova\/wp-json\/wp\/v2\/comments?post=2270"}],"version-history":[{"count":3,"href":"https:\/\/agora.xtec.cat\/escolamestralvilanova\/wp-json\/wp\/v2\/posts\/2270\/revisions"}],"predecessor-version":[{"id":2276,"href":"https:\/\/agora.xtec.cat\/escolamestralvilanova\/wp-json\/wp\/v2\/posts\/2270\/revisions\/2276"}],"wp:attachment":[{"href":"https:\/\/agora.xtec.cat\/escolamestralvilanova\/wp-json\/wp\/v2\/media?parent=2270"}],"wp:term":[{"taxonomy":"category","embeddable":true,"href":"https:\/\/agora.xtec.cat\/escolamestralvilanova\/wp-json\/wp\/v2\/categories?post=2270"},{"taxonomy":"post_tag","embeddable":true,"href":"https:\/\/agora.xtec.cat\/escolamestralvilanova\/wp-json\/wp\/v2\/tags?post=2270"}],"curies":[{"name":"wp","href":"https:\/\/api.w.org\/{rel}","templated":true}]}}