{"id":2265,"date":"2020-03-05T09:00:37","date_gmt":"2020-03-05T08:00:37","guid":{"rendered":"http:\/\/agora.xtec.cat\/escolamestralvilanova\/?p=2265"},"modified":"2020-03-05T10:42:03","modified_gmt":"2020-03-05T09:42:03","slug":"anem-a-la-caparrella","status":"publish","type":"post","link":"https:\/\/agora.xtec.cat\/escolamestralvilanova\/portada\/anem-a-la-caparrella\/","title":{"rendered":"ANEM A LA CAPARRELLA"},"content":{"rendered":"<p>Durant el mat\u00ed d&#8217;ahir, els alumnes de sis\u00e8 van anar a l&#8217;institut adscrit, l&#8217;institut &#8220;La Caparrella&#8221;, a realitzar una jornada de conviv\u00e8ncia.<\/p>\n<p>Amb aquesta jornada, l&#8217;institut pret\u00e9n que s&#8217;estableixin nous vincles entre els alumnes dels centres de Prim\u00e0ria adscrits.<\/p>\n<p>Aix\u00ed durant el mat\u00ed, els nens i nenes de sis\u00e8 van realitzar diferents activitat a les instal\u00b7lacions de l&#8217;institut.<\/p>\n<p>Va estar una gran jornada!<\/p>\n<ul>\n<li><a href=\"https:\/\/photos.app.goo.gl\/F8q5RkeHymE6TxF59\">ENLLA\u00c7 A LES FOTOGRAFIES<\/a><\/li>\n<\/ul>\n<p><a href=\"https:\/\/agora.xtec.cat\/escolamestralvilanova\/wp-content\/uploads\/usu729\/2020\/03\/IMG_0192.jpeg\"><img loading=\"lazy\" decoding=\"async\" class=\"alignnone size-medium wp-image-2266\" src=\"https:\/\/agora.xtec.cat\/escolamestralvilanova\/wp-content\/uploads\/usu729\/2020\/03\/IMG_0192-300x225.jpeg\" alt=\"\" width=\"300\" height=\"225\" srcset=\"https:\/\/agora.xtec.cat\/escolamestralvilanova\/wp-content\/uploads\/usu729\/2020\/03\/IMG_0192-300x225.jpeg 300w, https:\/\/agora.xtec.cat\/escolamestralvilanova\/wp-content\/uploads\/usu729\/2020\/03\/IMG_0192-768x576.jpeg 768w, https:\/\/agora.xtec.cat\/escolamestralvilanova\/wp-content\/uploads\/usu729\/2020\/03\/IMG_0192-1024x768.jpeg 1024w, https:\/\/agora.xtec.cat\/escolamestralvilanova\/wp-content\/uploads\/usu729\/2020\/03\/IMG_0192-200x150.jpeg 200w, https:\/\/agora.xtec.cat\/escolamestralvilanova\/wp-content\/uploads\/usu729\/2020\/03\/IMG_0192.jpeg 2000w\" sizes=\"auto, (max-width: 300px) 100vw, 300px\" \/><\/a><\/p>\n","protected":false},"excerpt":{"rendered":"<p>Durant el mat\u00ed d&#8217;ahir, els alumnes de sis\u00e8 van anar a l&#8217;institut adscrit, l&#8217;institut &#8220;La Caparrella&#8221;, a realitzar una jornada de conviv\u00e8ncia.<br \/>\nAmb aquesta jornada, l&#8217;institut pret\u00e9n que s&#8217;estableixin nous vincles entre els alumnes dels centres de Prim\u00e0ria adscrits.<br \/>\nAix\u00ed durant el mat\u00ed, els nens i nenes&hellip;  <a href=\"https:\/\/agora.xtec.cat\/escolamestralvilanova\/portada\/anem-a-la-caparrella\/\" title=\"Read ANEM A LA CAPARRELLA\">Llegeix m\u00e9s\u00bb<\/a><\/p>\n","protected":false},"author":1,"featured_media":0,"comment_status":"open","ping_status":"closed","sticky":false,"template":"","format":"standard","meta":{"_bbp_topic_count":0,"_bbp_reply_count":0,"_bbp_total_topic_count":0,"_bbp_total_reply_count":0,"_bbp_voice_count":0,"_bbp_anonymous_reply_count":0,"_bbp_topic_count_hidden":0,"_bbp_reply_count_hidden":0,"_bbp_forum_subforum_count":0,"footnotes":""},"categories":[15,4,5],"tags":[],"class_list":["post-2265","post","type-post","status-publish","format-standard","hentry","category-cicle-superior","category-portada","category-primaria"],"post_mailing_queue_ids":[],"_links":{"self":[{"href":"https:\/\/agora.xtec.cat\/escolamestralvilanova\/wp-json\/wp\/v2\/posts\/2265","targetHints":{"allow":["GET"]}}],"collection":[{"href":"https:\/\/agora.xtec.cat\/escolamestralvilanova\/wp-json\/wp\/v2\/posts"}],"about":[{"href":"https:\/\/agora.xtec.cat\/escolamestralvilanova\/wp-json\/wp\/v2\/types\/post"}],"author":[{"embeddable":true,"href":"https:\/\/agora.xtec.cat\/escolamestralvilanova\/wp-json\/wp\/v2\/users\/1"}],"replies":[{"embeddable":true,"href":"https:\/\/agora.xtec.cat\/escolamestralvilanova\/wp-json\/wp\/v2\/comments?post=2265"}],"version-history":[{"count":3,"href":"https:\/\/agora.xtec.cat\/escolamestralvilanova\/wp-json\/wp\/v2\/posts\/2265\/revisions"}],"predecessor-version":[{"id":2269,"href":"https:\/\/agora.xtec.cat\/escolamestralvilanova\/wp-json\/wp\/v2\/posts\/2265\/revisions\/2269"}],"wp:attachment":[{"href":"https:\/\/agora.xtec.cat\/escolamestralvilanova\/wp-json\/wp\/v2\/media?parent=2265"}],"wp:term":[{"taxonomy":"category","embeddable":true,"href":"https:\/\/agora.xtec.cat\/escolamestralvilanova\/wp-json\/wp\/v2\/categories?post=2265"},{"taxonomy":"post_tag","embeddable":true,"href":"https:\/\/agora.xtec.cat\/escolamestralvilanova\/wp-json\/wp\/v2\/tags?post=2265"}],"curies":[{"name":"wp","href":"https:\/\/api.w.org\/{rel}","templated":true}]}}