{"id":2229,"date":"2020-02-27T10:59:58","date_gmt":"2020-02-27T09:59:58","guid":{"rendered":"http:\/\/agora.xtec.cat\/escolamestralvilanova\/?p=2229"},"modified":"2020-02-26T22:03:53","modified_gmt":"2020-02-26T21:03:53","slug":"pintem","status":"publish","type":"post","link":"https:\/\/agora.xtec.cat\/escolamestralvilanova\/infantil\/pintem\/","title":{"rendered":"PINTEM!"},"content":{"rendered":"<p>Els nens i nenes de l&#8217;Escoleta ens ho passem d&#8217;all\u00f2 m\u00e9s b\u00e9 interaccionant amb els diferents materials. Ara us mostrem algunes fotografies del dia que vam estar pinatant rotllos de paper.<\/p>\n<p>Ens ho vam passar molt b\u00e9!<\/p>\n<ul>\n<li><a href=\"https:\/\/photos.google.com\/share\/AF1QipOwLOTXAKg_9k5Wz8Awmq3lXaHD2xTGYYbzdt2PAWDS7vJAyjxtGND-tUKZJ-q7YA?key=SWdqUGdVZzZjS3lMdTJfbURIaEtBdlc3TDdwZEJR\">ENLLA\u00c7 A LES FOTOGRAFIES<\/a><\/li>\n<\/ul>\n<p><a href=\"https:\/\/agora.xtec.cat\/escolamestralvilanova\/wp-content\/uploads\/usu729\/2020\/02\/dc577475-7dd9-4f49-9203-8405169e5777.jpg\"><img loading=\"lazy\" decoding=\"async\" class=\"alignnone size-medium wp-image-2230\" src=\"https:\/\/agora.xtec.cat\/escolamestralvilanova\/wp-content\/uploads\/usu729\/2020\/02\/dc577475-7dd9-4f49-9203-8405169e5777-300x225.jpg\" alt=\"\" width=\"300\" height=\"225\" srcset=\"https:\/\/agora.xtec.cat\/escolamestralvilanova\/wp-content\/uploads\/usu729\/2020\/02\/dc577475-7dd9-4f49-9203-8405169e5777-300x225.jpg 300w, https:\/\/agora.xtec.cat\/escolamestralvilanova\/wp-content\/uploads\/usu729\/2020\/02\/dc577475-7dd9-4f49-9203-8405169e5777-768x576.jpg 768w, https:\/\/agora.xtec.cat\/escolamestralvilanova\/wp-content\/uploads\/usu729\/2020\/02\/dc577475-7dd9-4f49-9203-8405169e5777-1024x768.jpg 1024w, https:\/\/agora.xtec.cat\/escolamestralvilanova\/wp-content\/uploads\/usu729\/2020\/02\/dc577475-7dd9-4f49-9203-8405169e5777-200x150.jpg 200w, https:\/\/agora.xtec.cat\/escolamestralvilanova\/wp-content\/uploads\/usu729\/2020\/02\/dc577475-7dd9-4f49-9203-8405169e5777.jpg 1600w\" sizes=\"auto, (max-width: 300px) 100vw, 300px\" \/><\/a><\/p>\n","protected":false},"excerpt":{"rendered":"<p>Els nens i nenes de l&#8217;Escoleta ens ho passem d&#8217;all\u00f2 m\u00e9s b\u00e9 interaccionant amb els diferents materials. Ara us mostrem algunes fotografies del dia que vam estar pinatant rotllos de paper.<br \/>\nEns ho vam passar molt b\u00e9!<\/p>\n<ul>\n<li><a href=\"https:\/\/photos.google.com\/share\/AF1QipOwLOTXAKg_9k5Wz8Awmq3lXaHD2xTGYYbzdt2PAWDS7vJAyjxtGND-tUKZJ-q7YA?key=SWdqUGdVZzZjS3lMdTJfbURIaEtBdlc3TDdwZEJR\">ENLLA\u00c7 A LES FOTOGRAFIES<\/a><\/li>\n<\/ul>\n<p><a href=\"https:\/\/agora.xtec.cat\/escolamestralvilanova\/wp-content\/uploads\/usu729\/2020\/02\/dc577475-7dd9-4f49-9203-8405169e5777.jpg\"><\/a><\/p>\n","protected":false},"author":1,"featured_media":0,"comment_status":"open","ping_status":"closed","sticky":false,"template":"","format":"standard","meta":{"_bbp_topic_count":0,"_bbp_reply_count":0,"_bbp_total_topic_count":0,"_bbp_total_reply_count":0,"_bbp_voice_count":0,"_bbp_anonymous_reply_count":0,"_bbp_topic_count_hidden":0,"_bbp_reply_count_hidden":0,"_bbp_forum_subforum_count":0,"footnotes":""},"categories":[14,59,2,4],"tags":[],"class_list":["post-2229","post","type-post","status-publish","format-standard","hentry","category-ei1-ei2","category-primer-cicle-ed-infantil","category-infantil","category-portada"],"post_mailing_queue_ids":[],"_links":{"self":[{"href":"https:\/\/agora.xtec.cat\/escolamestralvilanova\/wp-json\/wp\/v2\/posts\/2229","targetHints":{"allow":["GET"]}}],"collection":[{"href":"https:\/\/agora.xtec.cat\/escolamestralvilanova\/wp-json\/wp\/v2\/posts"}],"about":[{"href":"https:\/\/agora.xtec.cat\/escolamestralvilanova\/wp-json\/wp\/v2\/types\/post"}],"author":[{"embeddable":true,"href":"https:\/\/agora.xtec.cat\/escolamestralvilanova\/wp-json\/wp\/v2\/users\/1"}],"replies":[{"embeddable":true,"href":"https:\/\/agora.xtec.cat\/escolamestralvilanova\/wp-json\/wp\/v2\/comments?post=2229"}],"version-history":[{"count":1,"href":"https:\/\/agora.xtec.cat\/escolamestralvilanova\/wp-json\/wp\/v2\/posts\/2229\/revisions"}],"predecessor-version":[{"id":2231,"href":"https:\/\/agora.xtec.cat\/escolamestralvilanova\/wp-json\/wp\/v2\/posts\/2229\/revisions\/2231"}],"wp:attachment":[{"href":"https:\/\/agora.xtec.cat\/escolamestralvilanova\/wp-json\/wp\/v2\/media?parent=2229"}],"wp:term":[{"taxonomy":"category","embeddable":true,"href":"https:\/\/agora.xtec.cat\/escolamestralvilanova\/wp-json\/wp\/v2\/categories?post=2229"},{"taxonomy":"post_tag","embeddable":true,"href":"https:\/\/agora.xtec.cat\/escolamestralvilanova\/wp-json\/wp\/v2\/tags?post=2229"}],"curies":[{"name":"wp","href":"https:\/\/api.w.org\/{rel}","templated":true}]}}