{"id":2215,"date":"2020-02-25T16:22:00","date_gmt":"2020-02-25T15:22:00","guid":{"rendered":"http:\/\/agora.xtec.cat\/escolamestralvilanova\/?p=2215"},"modified":"2020-02-26T11:56:49","modified_gmt":"2020-02-26T10:56:49","slug":"consignes-dia-1","status":"publish","type":"post","link":"https:\/\/agora.xtec.cat\/escolamestralvilanova\/infantil\/consignes-dia-1\/","title":{"rendered":"CONSIGNES CARNAVAL: Dia 1"},"content":{"rendered":"<p>Seguint el manifest del Rei Carnestoltes, avui hem vingut a escola amb la cara maquillada.<\/p>\n<p><em>&#8220;Avui \u00e9s un dia molt especial perqu\u00e8 ja s&#8217;acosta Carnaval. El maquillatge \u00e9s una bona opci\u00f3 i proposo que tothom es maquilli fent servir la imaginaci\u00f3&#8221;<\/em><\/p>\n<ul>\n<li><a href=\"https:\/\/photos.google.com\/share\/AF1QipM71ndIqdJ7ad8bzfUhOkGz44tIS3ZA9gLkKHlIoOC9qt1MY7fjZqXAudYwoyCrqQ?key=cWg4d1JzQ0hDWGFlTjJQeDdETHFsUmRhT1dBek93\">ENLLA\u00c7 A LES FOTOGRAFIES<\/a><\/li>\n<\/ul>\n<p><a href=\"https:\/\/agora.xtec.cat\/escolamestralvilanova\/wp-content\/uploads\/usu729\/2020\/02\/IMG_9799.jpg\"><img loading=\"lazy\" decoding=\"async\" class=\"alignnone size-medium wp-image-2216\" src=\"https:\/\/agora.xtec.cat\/escolamestralvilanova\/wp-content\/uploads\/usu729\/2020\/02\/IMG_9799-225x300.jpg\" alt=\"\" width=\"225\" height=\"300\" srcset=\"https:\/\/agora.xtec.cat\/escolamestralvilanova\/wp-content\/uploads\/usu729\/2020\/02\/IMG_9799-225x300.jpg 225w, https:\/\/agora.xtec.cat\/escolamestralvilanova\/wp-content\/uploads\/usu729\/2020\/02\/IMG_9799.jpg 480w\" sizes=\"auto, (max-width: 225px) 100vw, 225px\" \/><\/a><\/p>\n","protected":false},"excerpt":{"rendered":"<p>Seguint el manifest del Rei Carnestoltes, avui hem vingut a escola amb la cara maquillada.<br \/>\n&#8220;Avui \u00e9s un dia molt especial perqu\u00e8 ja s&#8217;acosta Carnaval. El maquillatge \u00e9s una bona opci\u00f3 i proposo que tothom es maquilli fent servir la imaginaci\u00f3&#8221;<\/p>\n<ul>\n<li><a href=\"https:\/\/photos.google.com\/share\/AF1QipM71ndIqdJ7ad8bzfUhOkGz44tIS3ZA9gLkKHlIoOC9qt1MY7fjZqXAudYwoyCrqQ?key=cWg4d1JzQ0hDWGFlTjJQeDdETHFsUmRhT1dBek93\">ENLLA\u00c7 A LES FOTOGRAFIES<\/a><\/li>\n<\/ul>\n<p><a href=\"https:\/\/agora.xtec.cat\/escolamestralvilanova\/wp-content\/uploads\/usu729\/2020\/02\/IMG_9799.jpg\"><\/a><\/p>\n","protected":false},"author":1,"featured_media":0,"comment_status":"open","ping_status":"closed","sticky":false,"template":"","format":"standard","meta":{"_bbp_topic_count":0,"_bbp_reply_count":0,"_bbp_total_topic_count":0,"_bbp_total_reply_count":0,"_bbp_voice_count":0,"_bbp_anonymous_reply_count":0,"_bbp_topic_count_hidden":0,"_bbp_reply_count_hidden":0,"_bbp_forum_subforum_count":0,"footnotes":""},"categories":[13,11,12,15,3,14,8,9,10,2,4,5],"tags":[],"class_list":["post-2215","post","type-post","status-publish","format-standard","hentry","category-cinque","category-cicle-inicial","category-tercer-quart","category-cicle-superior","category-ei3-ei4-ei5","category-ei1-ei2","category-ei4","category-ei5","category-ei5-primer","category-infantil","category-portada","category-primaria"],"post_mailing_queue_ids":[],"_links":{"self":[{"href":"https:\/\/agora.xtec.cat\/escolamestralvilanova\/wp-json\/wp\/v2\/posts\/2215","targetHints":{"allow":["GET"]}}],"collection":[{"href":"https:\/\/agora.xtec.cat\/escolamestralvilanova\/wp-json\/wp\/v2\/posts"}],"about":[{"href":"https:\/\/agora.xtec.cat\/escolamestralvilanova\/wp-json\/wp\/v2\/types\/post"}],"author":[{"embeddable":true,"href":"https:\/\/agora.xtec.cat\/escolamestralvilanova\/wp-json\/wp\/v2\/users\/1"}],"replies":[{"embeddable":true,"href":"https:\/\/agora.xtec.cat\/escolamestralvilanova\/wp-json\/wp\/v2\/comments?post=2215"}],"version-history":[{"count":2,"href":"https:\/\/agora.xtec.cat\/escolamestralvilanova\/wp-json\/wp\/v2\/posts\/2215\/revisions"}],"predecessor-version":[{"id":2221,"href":"https:\/\/agora.xtec.cat\/escolamestralvilanova\/wp-json\/wp\/v2\/posts\/2215\/revisions\/2221"}],"wp:attachment":[{"href":"https:\/\/agora.xtec.cat\/escolamestralvilanova\/wp-json\/wp\/v2\/media?parent=2215"}],"wp:term":[{"taxonomy":"category","embeddable":true,"href":"https:\/\/agora.xtec.cat\/escolamestralvilanova\/wp-json\/wp\/v2\/categories?post=2215"},{"taxonomy":"post_tag","embeddable":true,"href":"https:\/\/agora.xtec.cat\/escolamestralvilanova\/wp-json\/wp\/v2\/tags?post=2215"}],"curies":[{"name":"wp","href":"https:\/\/api.w.org\/{rel}","templated":true}]}}