{"id":2187,"date":"2020-02-13T22:03:48","date_gmt":"2020-02-13T21:03:48","guid":{"rendered":"http:\/\/agora.xtec.cat\/escolamestralvilanova\/?p=2187"},"modified":"2020-02-13T22:51:20","modified_gmt":"2020-02-13T21:51:20","slug":"ciencia-al-carrer","status":"publish","type":"post","link":"https:\/\/agora.xtec.cat\/escolamestralvilanova\/portada\/ciencia-al-carrer\/","title":{"rendered":"CI\u00c8NCIA AL CARRER"},"content":{"rendered":"<p>Avui els nens i nenes de l&#8217;escola hem fet una petita mostra al carrer dels experiments que hem estat realitzant durant la Setmana de la Ci\u00e8ncia a l&#8217;escola.<\/p>\n<p>Ens ha agradat molt poder mostrar a les fam\u00edlies i obrir al poble alguns dels experiments treballats. Moltes gr\u00e0cies per venir!<\/p>\n<p>Ens ho hem passat d&#8217;all\u00f2 m\u00e9s b\u00e9 i esperem repetir-ho l&#8217;any vinent!<\/p>\n<ul>\n<li><a href=\"https:\/\/photos.app.goo.gl\/JNDVHnFb9goDnDU5A\">ENLLA\u00c7 A LES FOTOGRAFIES<\/a><\/li>\n<\/ul>\n<p><a href=\"https:\/\/agora.xtec.cat\/escolamestralvilanova\/wp-content\/uploads\/usu729\/2020\/02\/IMG_9560.jpg\"><img loading=\"lazy\" decoding=\"async\" class=\"alignnone size-medium wp-image-2188\" src=\"https:\/\/agora.xtec.cat\/escolamestralvilanova\/wp-content\/uploads\/usu729\/2020\/02\/IMG_9560-300x225.jpg\" alt=\"\" width=\"300\" height=\"225\" srcset=\"https:\/\/agora.xtec.cat\/escolamestralvilanova\/wp-content\/uploads\/usu729\/2020\/02\/IMG_9560-300x225.jpg 300w, https:\/\/agora.xtec.cat\/escolamestralvilanova\/wp-content\/uploads\/usu729\/2020\/02\/IMG_9560-768x576.jpg 768w, https:\/\/agora.xtec.cat\/escolamestralvilanova\/wp-content\/uploads\/usu729\/2020\/02\/IMG_9560-1024x768.jpg 1024w, https:\/\/agora.xtec.cat\/escolamestralvilanova\/wp-content\/uploads\/usu729\/2020\/02\/IMG_9560-200x150.jpg 200w, https:\/\/agora.xtec.cat\/escolamestralvilanova\/wp-content\/uploads\/usu729\/2020\/02\/IMG_9560.jpg 2000w\" sizes=\"auto, (max-width: 300px) 100vw, 300px\" \/><\/a><\/p>\n","protected":false},"excerpt":{"rendered":"<p>Avui els nens i nenes de l&#8217;escola hem fet una petita mostra al carrer dels experiments que hem estat realitzant durant la Setmana de la Ci\u00e8ncia a l&#8217;escola.<br \/>\nEns ha agradat molt poder mostrar a les fam\u00edlies i obrir al poble alguns dels experiments treballats. Moltes&hellip;  <a href=\"https:\/\/agora.xtec.cat\/escolamestralvilanova\/portada\/ciencia-al-carrer\/\" title=\"Read CI\u00c8NCIA AL CARRER\">Llegeix m\u00e9s\u00bb<\/a><\/p>\n","protected":false},"author":1,"featured_media":0,"comment_status":"open","ping_status":"closed","sticky":false,"template":"","format":"standard","meta":{"_bbp_topic_count":0,"_bbp_reply_count":0,"_bbp_total_topic_count":0,"_bbp_total_reply_count":0,"_bbp_voice_count":0,"_bbp_anonymous_reply_count":0,"_bbp_topic_count_hidden":0,"_bbp_reply_count_hidden":0,"_bbp_forum_subforum_count":0,"footnotes":""},"categories":[13,11,12,15,10,4,5],"tags":[],"class_list":["post-2187","post","type-post","status-publish","format-standard","hentry","category-cinque","category-cicle-inicial","category-tercer-quart","category-cicle-superior","category-ei5-primer","category-portada","category-primaria"],"post_mailing_queue_ids":[],"_links":{"self":[{"href":"https:\/\/agora.xtec.cat\/escolamestralvilanova\/wp-json\/wp\/v2\/posts\/2187","targetHints":{"allow":["GET"]}}],"collection":[{"href":"https:\/\/agora.xtec.cat\/escolamestralvilanova\/wp-json\/wp\/v2\/posts"}],"about":[{"href":"https:\/\/agora.xtec.cat\/escolamestralvilanova\/wp-json\/wp\/v2\/types\/post"}],"author":[{"embeddable":true,"href":"https:\/\/agora.xtec.cat\/escolamestralvilanova\/wp-json\/wp\/v2\/users\/1"}],"replies":[{"embeddable":true,"href":"https:\/\/agora.xtec.cat\/escolamestralvilanova\/wp-json\/wp\/v2\/comments?post=2187"}],"version-history":[{"count":3,"href":"https:\/\/agora.xtec.cat\/escolamestralvilanova\/wp-json\/wp\/v2\/posts\/2187\/revisions"}],"predecessor-version":[{"id":2191,"href":"https:\/\/agora.xtec.cat\/escolamestralvilanova\/wp-json\/wp\/v2\/posts\/2187\/revisions\/2191"}],"wp:attachment":[{"href":"https:\/\/agora.xtec.cat\/escolamestralvilanova\/wp-json\/wp\/v2\/media?parent=2187"}],"wp:term":[{"taxonomy":"category","embeddable":true,"href":"https:\/\/agora.xtec.cat\/escolamestralvilanova\/wp-json\/wp\/v2\/categories?post=2187"},{"taxonomy":"post_tag","embeddable":true,"href":"https:\/\/agora.xtec.cat\/escolamestralvilanova\/wp-json\/wp\/v2\/tags?post=2187"}],"curies":[{"name":"wp","href":"https:\/\/api.w.org\/{rel}","templated":true}]}}