{"id":2178,"date":"2020-02-17T10:44:08","date_gmt":"2020-02-17T09:44:08","guid":{"rendered":"http:\/\/agora.xtec.cat\/escolamestralvilanova\/?p=2178"},"modified":"2020-02-17T16:44:47","modified_gmt":"2020-02-17T15:44:47","slug":"2a-assemblea-de-delegats-des-2","status":"publish","type":"post","link":"https:\/\/agora.xtec.cat\/escolamestralvilanova\/general\/2a-assemblea-de-delegats-des-2\/","title":{"rendered":"2\u00aa ASSEMBLEA DE DELEGATS\/DES"},"content":{"rendered":"<p>El passat dia 13 de febrer a les 9:30h es va realitzar la segona assemblea de delegats del curs. Hi van assistir alumnes de totes les aules i vam compartir el segon tema a tractar aquest curs, propostes de consignes per Carnaval.<\/p>\n<p>Cada representant va presentar les seves propostes que havien estat recollides a nivell d\u2019aula. Despr\u00e9s de llegir les propostes de consignes assignades per a tota la setmana hem decidit aquelles que ens han agradat m\u00e9s!<\/p>\n<p>Aix\u00ed amb la col\u00b7laboraci\u00f3 de tots els nens i nenes de l\u2019escola les consignes decidides per al Carnaval d\u2019aquest curs s\u00f3n les seg\u00fcents:<\/p>\n<p><strong>DIMARTS 25 DE FEBRER<\/strong>: \u00c9s un dia molt especial perqu\u00e8 ja s\u2019acosta Carnaval. El maquillatge \u00e9s una bona opci\u00f3 i proposo que tothom es maquilli fent servir la seva imaginaci\u00f3.<\/p>\n<p><strong>DIMECRES 26 DE FEBRER:<\/strong> El dimecres no et treguis el pijama al sortir del llit! Vine aix\u00ed a l\u2019escola que ser\u00e0 molt divertit!<\/p>\n<p><strong>DIJOUS 27 DE FEBRER:<\/strong> Ja ha arribat dijous! Amb el cap ben guarnit, flors, lla\u00e7os&#8230; Ens farem un bon embolic!<\/p>\n<p><strong>DIVENDRES 28 DE FEBRER:<\/strong> Saps que estem a l\u2019hivern? A que se\u2019t fa etern? Cansats de portar la mateixa roba estem i el divendres per venir a l\u2019escola ben desconjuntats ens vestirem!<\/p>\n<p><a href=\"https:\/\/agora.xtec.cat\/escolamestralvilanova\/wp-content\/uploads\/usu729\/2020\/02\/unnamed.jpg\"><img loading=\"lazy\" decoding=\"async\" class=\"wp-image-2181 size-medium alignleft\" src=\"https:\/\/agora.xtec.cat\/escolamestralvilanova\/wp-content\/uploads\/usu729\/2020\/02\/unnamed-300x225.jpg\" alt=\"\" width=\"300\" height=\"225\" srcset=\"https:\/\/agora.xtec.cat\/escolamestralvilanova\/wp-content\/uploads\/usu729\/2020\/02\/unnamed-300x225.jpg 300w, https:\/\/agora.xtec.cat\/escolamestralvilanova\/wp-content\/uploads\/usu729\/2020\/02\/unnamed-768x576.jpg 768w, https:\/\/agora.xtec.cat\/escolamestralvilanova\/wp-content\/uploads\/usu729\/2020\/02\/unnamed-1024x768.jpg 1024w, https:\/\/agora.xtec.cat\/escolamestralvilanova\/wp-content\/uploads\/usu729\/2020\/02\/unnamed-200x150.jpg 200w\" sizes=\"auto, (max-width: 300px) 100vw, 300px\" \/><\/a><\/p>\n<p>&nbsp;<\/p>\n","protected":false},"excerpt":{"rendered":"<p>El passat dia 13 de febrer a les 9:30h es va realitzar la segona assemblea de delegats del curs. Hi van assistir alumnes de totes les aules i vam compartir el segon tema a tractar aquest curs, propostes de consignes per Carnaval.<br \/>\nCada representant va presentar&hellip;  <a href=\"https:\/\/agora.xtec.cat\/escolamestralvilanova\/general\/2a-assemblea-de-delegats-des-2\/\" title=\"Read 2\u00aa ASSEMBLEA DE DELEGATS\/DES\">Llegeix m\u00e9s\u00bb<\/a><\/p>\n","protected":false},"author":6,"featured_media":0,"comment_status":"open","ping_status":"closed","sticky":false,"template":"","format":"standard","meta":{"_bbp_topic_count":0,"_bbp_reply_count":0,"_bbp_total_topic_count":0,"_bbp_total_reply_count":0,"_bbp_voice_count":0,"_bbp_anonymous_reply_count":0,"_bbp_topic_count_hidden":0,"_bbp_reply_count_hidden":0,"_bbp_forum_subforum_count":0,"footnotes":""},"categories":[13,11,12,15,3,8,9,10,1,4,5],"tags":[],"class_list":["post-2178","post","type-post","status-publish","format-standard","hentry","category-cinque","category-cicle-inicial","category-tercer-quart","category-cicle-superior","category-ei3-ei4-ei5","category-ei4","category-ei5","category-ei5-primer","category-general","category-portada","category-primaria"],"post_mailing_queue_ids":[],"_links":{"self":[{"href":"https:\/\/agora.xtec.cat\/escolamestralvilanova\/wp-json\/wp\/v2\/posts\/2178","targetHints":{"allow":["GET"]}}],"collection":[{"href":"https:\/\/agora.xtec.cat\/escolamestralvilanova\/wp-json\/wp\/v2\/posts"}],"about":[{"href":"https:\/\/agora.xtec.cat\/escolamestralvilanova\/wp-json\/wp\/v2\/types\/post"}],"author":[{"embeddable":true,"href":"https:\/\/agora.xtec.cat\/escolamestralvilanova\/wp-json\/wp\/v2\/users\/6"}],"replies":[{"embeddable":true,"href":"https:\/\/agora.xtec.cat\/escolamestralvilanova\/wp-json\/wp\/v2\/comments?post=2178"}],"version-history":[{"count":4,"href":"https:\/\/agora.xtec.cat\/escolamestralvilanova\/wp-json\/wp\/v2\/posts\/2178\/revisions"}],"predecessor-version":[{"id":2195,"href":"https:\/\/agora.xtec.cat\/escolamestralvilanova\/wp-json\/wp\/v2\/posts\/2178\/revisions\/2195"}],"wp:attachment":[{"href":"https:\/\/agora.xtec.cat\/escolamestralvilanova\/wp-json\/wp\/v2\/media?parent=2178"}],"wp:term":[{"taxonomy":"category","embeddable":true,"href":"https:\/\/agora.xtec.cat\/escolamestralvilanova\/wp-json\/wp\/v2\/categories?post=2178"},{"taxonomy":"post_tag","embeddable":true,"href":"https:\/\/agora.xtec.cat\/escolamestralvilanova\/wp-json\/wp\/v2\/tags?post=2178"}],"curies":[{"name":"wp","href":"https:\/\/api.w.org\/{rel}","templated":true}]}}