{"id":2172,"date":"2020-02-12T23:13:39","date_gmt":"2020-02-12T22:13:39","guid":{"rendered":"http:\/\/agora.xtec.cat\/escolamestralvilanova\/?p=2172"},"modified":"2020-02-12T23:13:46","modified_gmt":"2020-02-12T22:13:46","slug":"raco-dexpressio-facial","status":"publish","type":"post","link":"https:\/\/agora.xtec.cat\/escolamestralvilanova\/general\/raco-dexpressio-facial\/","title":{"rendered":"RAC\u00d3 D&#8217;EXPRESSI\u00d3 FACIAL"},"content":{"rendered":"<p>Avui els i les alumnes d&#8217;educaci\u00f3 infantil han treballat les expressions facials, aix\u00ed com la sorpresa, la tristesa, l&#8217;alegria, la r\u00e0bia, el dubte, la por, etc. I l&#8217;han plasmat\u00a0 amb plastilina.<\/p>\n<div dir=\"auto\"><\/div>\n<div dir=\"auto\">Han gaudit molt treballant el llenguatge no verbal!<\/div>\n<div dir=\"auto\"><\/div>\n<div dir=\"auto\"><a href=\"https:\/\/agora.xtec.cat\/escolamestralvilanova\/wp-content\/uploads\/usu729\/2020\/02\/edcd6078-4e51-47f8-9269-e7258583a210.jpg\"><img loading=\"lazy\" decoding=\"async\" class=\"alignnone wp-image-2173 size-medium\" src=\"https:\/\/agora.xtec.cat\/escolamestralvilanova\/wp-content\/uploads\/usu729\/2020\/02\/edcd6078-4e51-47f8-9269-e7258583a210-169x300.jpg\" alt=\"\" width=\"169\" height=\"300\" srcset=\"https:\/\/agora.xtec.cat\/escolamestralvilanova\/wp-content\/uploads\/usu729\/2020\/02\/edcd6078-4e51-47f8-9269-e7258583a210-169x300.jpg 169w, https:\/\/agora.xtec.cat\/escolamestralvilanova\/wp-content\/uploads\/usu729\/2020\/02\/edcd6078-4e51-47f8-9269-e7258583a210-768x1365.jpg 768w, https:\/\/agora.xtec.cat\/escolamestralvilanova\/wp-content\/uploads\/usu729\/2020\/02\/edcd6078-4e51-47f8-9269-e7258583a210-576x1024.jpg 576w, https:\/\/agora.xtec.cat\/escolamestralvilanova\/wp-content\/uploads\/usu729\/2020\/02\/edcd6078-4e51-47f8-9269-e7258583a210.jpg 900w\" sizes=\"auto, (max-width: 169px) 100vw, 169px\" \/><\/a><\/div>\n<div dir=\"auto\"><\/div>\n<ul>\n<li><a href=\"https:\/\/photos.app.goo.gl\/UThPzsmdYTPDpLgV7\">ENLLA\u00c7 A LES FOTOGRAFIES<\/a><\/li>\n<\/ul>\n","protected":false},"excerpt":{"rendered":"<p>Avui els i les alumnes d&#8217;educaci\u00f3 infantil han treballat les expressions facials, aix\u00ed com la sorpresa, la tristesa, l&#8217;alegria, la r\u00e0bia, el dubte, la por, etc. I l&#8217;han plasmat\u00a0 amb plastilina.<\/p>\n<p>Han gaudit molt treballant el llenguatge no verbal!<\/p>\n<p><a href=\"https:\/\/agora.xtec.cat\/escolamestralvilanova\/wp-content\/uploads\/usu729\/2020\/02\/edcd6078-4e51-47f8-9269-e7258583a210.jpg\"><\/a><\/p>\n<ul>\n<li><a href=\"https:\/\/photos.app.goo.gl\/UThPzsmdYTPDpLgV7\">ENLLA\u00c7 A LES FOTOGRAFIES<\/a><\/li>\n<\/ul>\n","protected":false},"author":1,"featured_media":0,"comment_status":"open","ping_status":"closed","sticky":false,"template":"","format":"standard","meta":{"_bbp_topic_count":0,"_bbp_reply_count":0,"_bbp_total_topic_count":0,"_bbp_total_reply_count":0,"_bbp_voice_count":0,"_bbp_anonymous_reply_count":0,"_bbp_topic_count_hidden":0,"_bbp_reply_count_hidden":0,"_bbp_forum_subforum_count":0,"footnotes":""},"categories":[3,8,9,25,1,2,4],"tags":[],"class_list":["post-2172","post","type-post","status-publish","format-standard","hentry","category-ei3-ei4-ei5","category-ei4","category-ei5","category-fotos","category-general","category-infantil","category-portada"],"post_mailing_queue_ids":[],"_links":{"self":[{"href":"https:\/\/agora.xtec.cat\/escolamestralvilanova\/wp-json\/wp\/v2\/posts\/2172","targetHints":{"allow":["GET"]}}],"collection":[{"href":"https:\/\/agora.xtec.cat\/escolamestralvilanova\/wp-json\/wp\/v2\/posts"}],"about":[{"href":"https:\/\/agora.xtec.cat\/escolamestralvilanova\/wp-json\/wp\/v2\/types\/post"}],"author":[{"embeddable":true,"href":"https:\/\/agora.xtec.cat\/escolamestralvilanova\/wp-json\/wp\/v2\/users\/1"}],"replies":[{"embeddable":true,"href":"https:\/\/agora.xtec.cat\/escolamestralvilanova\/wp-json\/wp\/v2\/comments?post=2172"}],"version-history":[{"count":1,"href":"https:\/\/agora.xtec.cat\/escolamestralvilanova\/wp-json\/wp\/v2\/posts\/2172\/revisions"}],"predecessor-version":[{"id":2174,"href":"https:\/\/agora.xtec.cat\/escolamestralvilanova\/wp-json\/wp\/v2\/posts\/2172\/revisions\/2174"}],"wp:attachment":[{"href":"https:\/\/agora.xtec.cat\/escolamestralvilanova\/wp-json\/wp\/v2\/media?parent=2172"}],"wp:term":[{"taxonomy":"category","embeddable":true,"href":"https:\/\/agora.xtec.cat\/escolamestralvilanova\/wp-json\/wp\/v2\/categories?post=2172"},{"taxonomy":"post_tag","embeddable":true,"href":"https:\/\/agora.xtec.cat\/escolamestralvilanova\/wp-json\/wp\/v2\/tags?post=2172"}],"curies":[{"name":"wp","href":"https:\/\/api.w.org\/{rel}","templated":true}]}}