{"id":2168,"date":"2020-02-12T23:12:02","date_gmt":"2020-02-12T22:12:02","guid":{"rendered":"http:\/\/agora.xtec.cat\/escolamestralvilanova\/?p=2168"},"modified":"2020-02-12T23:12:08","modified_gmt":"2020-02-12T22:12:08","slug":"experiments-setmana-de-la-ciencia-dia-1","status":"publish","type":"post","link":"https:\/\/agora.xtec.cat\/escolamestralvilanova\/infantil\/experiments-setmana-de-la-ciencia-dia-1\/","title":{"rendered":"EXPERIMENTS SETMANA DE LA CI\u00c8NCIA Dia 1"},"content":{"rendered":"<p>Avui, els nens i nenes de Cicle Superior, amb motiu de la II Setmana de la Ci\u00e8ncia, ens han mostrat els experiments que han estat treballant a l&#8217;aula durant aquestes darreres setmanes.<\/p>\n<p>Han mostrat els 5 experiments seg\u00fcents: <em>Fem un coet , Pasta de dents d&#8217;elefant, En erupci\u00f3!, Una sonda espacial i Els pols s\u00f3n magn\u00e8tics!<\/em><\/p>\n<p>Totes els infants de l&#8217;escola han anat rodant i han pogut veure tots aquests experiments. Ha estat un mat\u00ed molt cient\u00edfic!<\/p>\n<ul>\n<li><a href=\"https:\/\/photos.app.goo.gl\/GNuk2kNbjnvnVgBUA\">ENLLA\u00c7 A LES FOTOGRAFIES<\/a><\/li>\n<\/ul>\n<p><a href=\"https:\/\/agora.xtec.cat\/escolamestralvilanova\/wp-content\/uploads\/usu729\/2020\/02\/dadcd039-c96c-4db6-95d3-39a942a1c51d.jpg\"><img loading=\"lazy\" decoding=\"async\" class=\"alignnone wp-image-2176 size-medium\" src=\"https:\/\/agora.xtec.cat\/escolamestralvilanova\/wp-content\/uploads\/usu729\/2020\/02\/dadcd039-c96c-4db6-95d3-39a942a1c51d-e1581545449700-300x232.jpg\" alt=\"\" width=\"300\" height=\"232\" srcset=\"https:\/\/agora.xtec.cat\/escolamestralvilanova\/wp-content\/uploads\/usu729\/2020\/02\/dadcd039-c96c-4db6-95d3-39a942a1c51d-e1581545449700-300x232.jpg 300w, https:\/\/agora.xtec.cat\/escolamestralvilanova\/wp-content\/uploads\/usu729\/2020\/02\/dadcd039-c96c-4db6-95d3-39a942a1c51d-e1581545449700-768x594.jpg 768w, https:\/\/agora.xtec.cat\/escolamestralvilanova\/wp-content\/uploads\/usu729\/2020\/02\/dadcd039-c96c-4db6-95d3-39a942a1c51d-e1581545449700-1024x792.jpg 1024w, https:\/\/agora.xtec.cat\/escolamestralvilanova\/wp-content\/uploads\/usu729\/2020\/02\/dadcd039-c96c-4db6-95d3-39a942a1c51d-e1581545449700.jpg 1428w\" sizes=\"auto, (max-width: 300px) 100vw, 300px\" \/><\/a><\/p>\n","protected":false},"excerpt":{"rendered":"<p>Avui, els nens i nenes de Cicle Superior, amb motiu de la II Setmana de la Ci\u00e8ncia, ens han mostrat els experiments que han estat treballant a l&#8217;aula durant aquestes darreres setmanes.<br \/>\nHan mostrat els 5 experiments seg\u00fcents: Fem un coet , Pasta de dents d&#8217;elefant,&hellip;  <a href=\"https:\/\/agora.xtec.cat\/escolamestralvilanova\/infantil\/experiments-setmana-de-la-ciencia-dia-1\/\" title=\"Read EXPERIMENTS SETMANA DE LA CI\u00c8NCIA Dia 1\">Llegeix m\u00e9s\u00bb<\/a><\/p>\n","protected":false},"author":1,"featured_media":0,"comment_status":"open","ping_status":"closed","sticky":false,"template":"","format":"standard","meta":{"_bbp_topic_count":0,"_bbp_reply_count":0,"_bbp_total_topic_count":0,"_bbp_total_reply_count":0,"_bbp_voice_count":0,"_bbp_anonymous_reply_count":0,"_bbp_topic_count_hidden":0,"_bbp_reply_count_hidden":0,"_bbp_forum_subforum_count":0,"footnotes":""},"categories":[13,11,12,15,3,8,9,10,25,2,4,5],"tags":[],"class_list":["post-2168","post","type-post","status-publish","format-standard","hentry","category-cinque","category-cicle-inicial","category-tercer-quart","category-cicle-superior","category-ei3-ei4-ei5","category-ei4","category-ei5","category-ei5-primer","category-fotos","category-infantil","category-portada","category-primaria"],"post_mailing_queue_ids":[],"_links":{"self":[{"href":"https:\/\/agora.xtec.cat\/escolamestralvilanova\/wp-json\/wp\/v2\/posts\/2168","targetHints":{"allow":["GET"]}}],"collection":[{"href":"https:\/\/agora.xtec.cat\/escolamestralvilanova\/wp-json\/wp\/v2\/posts"}],"about":[{"href":"https:\/\/agora.xtec.cat\/escolamestralvilanova\/wp-json\/wp\/v2\/types\/post"}],"author":[{"embeddable":true,"href":"https:\/\/agora.xtec.cat\/escolamestralvilanova\/wp-json\/wp\/v2\/users\/1"}],"replies":[{"embeddable":true,"href":"https:\/\/agora.xtec.cat\/escolamestralvilanova\/wp-json\/wp\/v2\/comments?post=2168"}],"version-history":[{"count":3,"href":"https:\/\/agora.xtec.cat\/escolamestralvilanova\/wp-json\/wp\/v2\/posts\/2168\/revisions"}],"predecessor-version":[{"id":2177,"href":"https:\/\/agora.xtec.cat\/escolamestralvilanova\/wp-json\/wp\/v2\/posts\/2168\/revisions\/2177"}],"wp:attachment":[{"href":"https:\/\/agora.xtec.cat\/escolamestralvilanova\/wp-json\/wp\/v2\/media?parent=2168"}],"wp:term":[{"taxonomy":"category","embeddable":true,"href":"https:\/\/agora.xtec.cat\/escolamestralvilanova\/wp-json\/wp\/v2\/categories?post=2168"},{"taxonomy":"post_tag","embeddable":true,"href":"https:\/\/agora.xtec.cat\/escolamestralvilanova\/wp-json\/wp\/v2\/tags?post=2168"}],"curies":[{"name":"wp","href":"https:\/\/api.w.org\/{rel}","templated":true}]}}