{"id":2162,"date":"2020-02-11T16:50:35","date_gmt":"2020-02-11T15:50:35","guid":{"rendered":"http:\/\/agora.xtec.cat\/escolamestralvilanova\/?p=2162"},"modified":"2020-02-11T20:37:55","modified_gmt":"2020-02-11T19:37:55","slug":"dones-cientifiques-en-la-historia","status":"publish","type":"post","link":"https:\/\/agora.xtec.cat\/escolamestralvilanova\/infantil\/dones-cientifiques-en-la-historia\/","title":{"rendered":"DONES CIENT\u00cdFIQUES AL LLARG DE LA HIST\u00d2RIA"},"content":{"rendered":"<p>Avui, en commemoraci\u00f3 del Dia Internacional de la Dona Cient\u00edfica tots els nens i nenes de l&#8217;escola ens hem trobat en l&#8217;aula d&#8217;educaci\u00f3 Infantil 5 anys per posar en com\u00fa el nostre treball vers el pes de les dones en la ci\u00e8ncia.<\/p>\n<p>Aix\u00ed, d&#8217;aquesta manera hem pogut aprendre moltes coses sobre cient\u00edfiques com:<\/p>\n<ul>\n<li><em>Mary Anning<\/em><\/li>\n<li><em>Jane Goodall<\/em><\/li>\n<li><em>Ameenah Gurib-Fakim<\/em><\/li>\n<li><em>Margherita Hack<\/em><\/li>\n<li><em>Marie Curie<\/em><\/li>\n<li><em>Christina Koch<\/em><\/li>\n<\/ul>\n<p>Ens ha agradat molt, visca la ci\u00e8ncia!<\/p>\n<ul>\n<li><a href=\"https:\/\/photos.app.goo.gl\/1z4ndsjkfmqDgKqN8\">ENLLA\u00c7 A LES FOTOGRAFIES<\/a><\/li>\n<\/ul>\n<p><a href=\"https:\/\/photos.app.goo.gl\/1z4ndsjkfmqDgKqN8\"><img loading=\"lazy\" decoding=\"async\" class=\"alignnone wp-image-2163 size-medium\" src=\"https:\/\/agora.xtec.cat\/escolamestralvilanova\/wp-content\/uploads\/usu729\/2020\/02\/IMG_9353-300x225.jpg\" alt=\"\" width=\"300\" height=\"225\" srcset=\"https:\/\/agora.xtec.cat\/escolamestralvilanova\/wp-content\/uploads\/usu729\/2020\/02\/IMG_9353-300x225.jpg 300w, https:\/\/agora.xtec.cat\/escolamestralvilanova\/wp-content\/uploads\/usu729\/2020\/02\/IMG_9353-200x150.jpg 200w, https:\/\/agora.xtec.cat\/escolamestralvilanova\/wp-content\/uploads\/usu729\/2020\/02\/IMG_9353.jpg 640w\" sizes=\"auto, (max-width: 300px) 100vw, 300px\" \/><\/a><\/p>\n","protected":false},"excerpt":{"rendered":"<p>Avui, en commemoraci\u00f3 del Dia Internacional de la Dona Cient\u00edfica tots els nens i nenes de l&#8217;escola ens hem trobat en l&#8217;aula d&#8217;educaci\u00f3 Infantil 5 anys per posar en com\u00fa el nostre treball vers el pes de les dones en la ci\u00e8ncia.<br \/>\nAix\u00ed, d&#8217;aquesta manera hem&hellip;  <a href=\"https:\/\/agora.xtec.cat\/escolamestralvilanova\/infantil\/dones-cientifiques-en-la-historia\/\" title=\"Read DONES CIENT\u00cdFIQUES AL LLARG DE LA HIST\u00d2RIA\">Llegeix m\u00e9s\u00bb<\/a><\/p>\n","protected":false},"author":1,"featured_media":0,"comment_status":"open","ping_status":"closed","sticky":false,"template":"","format":"standard","meta":{"_bbp_topic_count":0,"_bbp_reply_count":0,"_bbp_total_topic_count":0,"_bbp_total_reply_count":0,"_bbp_voice_count":0,"_bbp_anonymous_reply_count":0,"_bbp_topic_count_hidden":0,"_bbp_reply_count_hidden":0,"_bbp_forum_subforum_count":0,"footnotes":""},"categories":[13,11,12,15,3,8,9,10,2,4,5],"tags":[],"class_list":["post-2162","post","type-post","status-publish","format-standard","hentry","category-cinque","category-cicle-inicial","category-tercer-quart","category-cicle-superior","category-ei3-ei4-ei5","category-ei4","category-ei5","category-ei5-primer","category-infantil","category-portada","category-primaria"],"post_mailing_queue_ids":[],"_links":{"self":[{"href":"https:\/\/agora.xtec.cat\/escolamestralvilanova\/wp-json\/wp\/v2\/posts\/2162","targetHints":{"allow":["GET"]}}],"collection":[{"href":"https:\/\/agora.xtec.cat\/escolamestralvilanova\/wp-json\/wp\/v2\/posts"}],"about":[{"href":"https:\/\/agora.xtec.cat\/escolamestralvilanova\/wp-json\/wp\/v2\/types\/post"}],"author":[{"embeddable":true,"href":"https:\/\/agora.xtec.cat\/escolamestralvilanova\/wp-json\/wp\/v2\/users\/1"}],"replies":[{"embeddable":true,"href":"https:\/\/agora.xtec.cat\/escolamestralvilanova\/wp-json\/wp\/v2\/comments?post=2162"}],"version-history":[{"count":3,"href":"https:\/\/agora.xtec.cat\/escolamestralvilanova\/wp-json\/wp\/v2\/posts\/2162\/revisions"}],"predecessor-version":[{"id":2167,"href":"https:\/\/agora.xtec.cat\/escolamestralvilanova\/wp-json\/wp\/v2\/posts\/2162\/revisions\/2167"}],"wp:attachment":[{"href":"https:\/\/agora.xtec.cat\/escolamestralvilanova\/wp-json\/wp\/v2\/media?parent=2162"}],"wp:term":[{"taxonomy":"category","embeddable":true,"href":"https:\/\/agora.xtec.cat\/escolamestralvilanova\/wp-json\/wp\/v2\/categories?post=2162"},{"taxonomy":"post_tag","embeddable":true,"href":"https:\/\/agora.xtec.cat\/escolamestralvilanova\/wp-json\/wp\/v2\/tags?post=2162"}],"curies":[{"name":"wp","href":"https:\/\/api.w.org\/{rel}","templated":true}]}}