{"id":2158,"date":"2020-02-11T16:37:43","date_gmt":"2020-02-11T15:37:43","guid":{"rendered":"http:\/\/agora.xtec.cat\/escolamestralvilanova\/?p=2158"},"modified":"2020-02-11T16:37:43","modified_gmt":"2020-02-11T15:37:43","slug":"ens-visita-la-judit-ribas-fortuny-una-mare-cientifica","status":"publish","type":"post","link":"https:\/\/agora.xtec.cat\/escolamestralvilanova\/general\/ens-visita-la-judit-ribas-fortuny-una-mare-cientifica\/","title":{"rendered":"ENS VISITA LA JUDIT RIBAS FORTUNY, UNA MARE CIENT\u00cdFICA!"},"content":{"rendered":"<p>Avui, dia 11 de febrer, amb motiu del <strong>Dia de la dona cient\u00edfica<\/strong>, els alumnes de cicle superior hem rebut una visita molt especial.<\/p>\n<p>La Judit Ribas, mare d&#8217;una alumna de l&#8217;escola, ens ha ofert una xerrada on ha compartit amb nosaltres la seva hist\u00f2ria com a bi\u00f2loga i cient\u00edfica. Ens ha explicat com ha arribat a ser cient\u00edfica i algunes de les seves experi\u00e8ncies relacionades amb el m\u00f3n de la ci\u00e8ncia. Actualment \u00e9s professora de la Universitat de Lleida i est\u00e0 portant a terme diverses investigacions dins del camp de la farmacologia.<\/p>\n<p>Per acabar ens ha mostrat un experiment que ens ha agradat molt!<\/p>\n<p><a href=\"https:\/\/agora.xtec.cat\/escolamestralvilanova\/wp-content\/uploads\/usu729\/2020\/02\/IMG_6150-c\u00f2pia-e1581414777456.jpg\"><img loading=\"lazy\" decoding=\"async\" class=\"alignnone wp-image-2160 size-medium\" src=\"https:\/\/agora.xtec.cat\/escolamestralvilanova\/wp-content\/uploads\/usu729\/2020\/02\/IMG_6150-c\u00f2pia-e1581414777456-225x300.jpg\" alt=\"\" width=\"225\" height=\"300\" srcset=\"https:\/\/agora.xtec.cat\/escolamestralvilanova\/wp-content\/uploads\/usu729\/2020\/02\/IMG_6150-c\u00f2pia-e1581414777456-225x300.jpg 225w, https:\/\/agora.xtec.cat\/escolamestralvilanova\/wp-content\/uploads\/usu729\/2020\/02\/IMG_6150-c\u00f2pia-e1581414777456-768x1024.jpg 768w\" sizes=\"auto, (max-width: 225px) 100vw, 225px\" \/><\/a><\/p>\n<p>Moltes gr\u00e0cies Judit per compartir aquest dia amb nosaltres i engrescar-nos a lluitar per all\u00f2 que volem!<\/p>\n<ul>\n<li><a href=\"https:\/\/photos.app.goo.gl\/7Fnighe3nDzEBEEG9\">ENLLA\u00c7 A LES FOTOGRAFIES<\/a><\/li>\n<\/ul>\n","protected":false},"excerpt":{"rendered":"<p>Avui, dia 11 de febrer, amb motiu del Dia de la dona cient\u00edfica, els alumnes de cicle superior hem rebut una visita molt especial.<br \/>\nLa Judit Ribas, mare d&#8217;una alumna de l&#8217;escola, ens ha ofert una xerrada on ha compartit amb nosaltres la seva hist\u00f2ria com&hellip;  <a href=\"https:\/\/agora.xtec.cat\/escolamestralvilanova\/general\/ens-visita-la-judit-ribas-fortuny-una-mare-cientifica\/\" title=\"Read ENS VISITA LA JUDIT RIBAS FORTUNY, UNA MARE CIENT\u00cdFICA!\">Llegeix m\u00e9s\u00bb<\/a><\/p>\n","protected":false},"author":1,"featured_media":0,"comment_status":"open","ping_status":"closed","sticky":false,"template":"","format":"standard","meta":{"_bbp_topic_count":0,"_bbp_reply_count":0,"_bbp_total_topic_count":0,"_bbp_total_reply_count":0,"_bbp_voice_count":0,"_bbp_anonymous_reply_count":0,"_bbp_topic_count_hidden":0,"_bbp_reply_count_hidden":0,"_bbp_forum_subforum_count":0,"footnotes":""},"categories":[13,15,1,4,5],"tags":[],"class_list":["post-2158","post","type-post","status-publish","format-standard","hentry","category-cinque","category-cicle-superior","category-general","category-portada","category-primaria"],"post_mailing_queue_ids":[],"_links":{"self":[{"href":"https:\/\/agora.xtec.cat\/escolamestralvilanova\/wp-json\/wp\/v2\/posts\/2158","targetHints":{"allow":["GET"]}}],"collection":[{"href":"https:\/\/agora.xtec.cat\/escolamestralvilanova\/wp-json\/wp\/v2\/posts"}],"about":[{"href":"https:\/\/agora.xtec.cat\/escolamestralvilanova\/wp-json\/wp\/v2\/types\/post"}],"author":[{"embeddable":true,"href":"https:\/\/agora.xtec.cat\/escolamestralvilanova\/wp-json\/wp\/v2\/users\/1"}],"replies":[{"embeddable":true,"href":"https:\/\/agora.xtec.cat\/escolamestralvilanova\/wp-json\/wp\/v2\/comments?post=2158"}],"version-history":[{"count":1,"href":"https:\/\/agora.xtec.cat\/escolamestralvilanova\/wp-json\/wp\/v2\/posts\/2158\/revisions"}],"predecessor-version":[{"id":2161,"href":"https:\/\/agora.xtec.cat\/escolamestralvilanova\/wp-json\/wp\/v2\/posts\/2158\/revisions\/2161"}],"wp:attachment":[{"href":"https:\/\/agora.xtec.cat\/escolamestralvilanova\/wp-json\/wp\/v2\/media?parent=2158"}],"wp:term":[{"taxonomy":"category","embeddable":true,"href":"https:\/\/agora.xtec.cat\/escolamestralvilanova\/wp-json\/wp\/v2\/categories?post=2158"},{"taxonomy":"post_tag","embeddable":true,"href":"https:\/\/agora.xtec.cat\/escolamestralvilanova\/wp-json\/wp\/v2\/tags?post=2158"}],"curies":[{"name":"wp","href":"https:\/\/api.w.org\/{rel}","templated":true}]}}