{"id":2146,"date":"2020-02-06T17:31:53","date_gmt":"2020-02-06T16:31:53","guid":{"rendered":"http:\/\/agora.xtec.cat\/escolamestralvilanova\/?p=2146"},"modified":"2020-02-07T17:40:38","modified_gmt":"2020-02-07T16:40:38","slug":"preparem-la-sortida-a-penelles","status":"publish","type":"post","link":"https:\/\/agora.xtec.cat\/escolamestralvilanova\/general\/preparem-la-sortida-a-penelles\/","title":{"rendered":"PREPAREM LA SORTIDA A PENELLES"},"content":{"rendered":"<p>Com activitat pr\u00e8via a la sortida a Penelles, els alumnes de sis\u00e8 hem preparat unes presentacions als nostres companys\/es de Cicle Superior i Cicle Mitj\u00e0.<\/p>\n<p>A partir d&#8217;aquestes presentacions els hi hem explicat les caracter\u00edstiques principals del poble de Penelles, la seva ubicaci\u00f3, l&#8217;itinerari, els sectors econ\u00f2mics, qu\u00e8 hi trobarem, etc.<\/p>\n<p>Ha estat una bona manera de realitzar un aprenentatge contextualitzat i significatiu. Ens ha agradat molt!<\/p>\n<ul>\n<li><a href=\"https:\/\/photos.app.goo.gl\/nM4kMri4ZnN8TQ7Z9\">ENLLA\u00c7 A LES FOTOGRAFIES<\/a><\/li>\n<\/ul>\n<p><a href=\"https:\/\/photos.app.goo.gl\/nM4kMri4ZnN8TQ7Z9\"><img loading=\"lazy\" decoding=\"async\" class=\"alignnone size-full wp-image-2147\" src=\"https:\/\/agora.xtec.cat\/escolamestralvilanova\/wp-content\/uploads\/usu729\/2020\/02\/Unknown.jpeg\" alt=\"\" width=\"272\" height=\"185\" \/><\/a><\/p>\n<p>&nbsp;<\/p>\n","protected":false},"excerpt":{"rendered":"<p>Com activitat pr\u00e8via a la sortida a Penelles, els alumnes de sis\u00e8 hem preparat unes presentacions als nostres companys\/es de Cicle Superior i Cicle Mitj\u00e0.<br \/>\nA partir d&#8217;aquestes presentacions els hi hem explicat les caracter\u00edstiques principals del poble de Penelles, la seva ubicaci\u00f3, l&#8217;itinerari, els sectors&hellip;  <a href=\"https:\/\/agora.xtec.cat\/escolamestralvilanova\/general\/preparem-la-sortida-a-penelles\/\" title=\"Read PREPAREM LA SORTIDA A PENELLES\">Llegeix m\u00e9s\u00bb<\/a><\/p>\n","protected":false},"author":1,"featured_media":0,"comment_status":"open","ping_status":"closed","sticky":false,"template":"","format":"standard","meta":{"_bbp_topic_count":0,"_bbp_reply_count":0,"_bbp_total_topic_count":0,"_bbp_total_reply_count":0,"_bbp_voice_count":0,"_bbp_anonymous_reply_count":0,"_bbp_topic_count_hidden":0,"_bbp_reply_count_hidden":0,"_bbp_forum_subforum_count":0,"footnotes":""},"categories":[15,1,4],"tags":[],"class_list":["post-2146","post","type-post","status-publish","format-standard","hentry","category-cicle-superior","category-general","category-portada"],"post_mailing_queue_ids":[],"_links":{"self":[{"href":"https:\/\/agora.xtec.cat\/escolamestralvilanova\/wp-json\/wp\/v2\/posts\/2146","targetHints":{"allow":["GET"]}}],"collection":[{"href":"https:\/\/agora.xtec.cat\/escolamestralvilanova\/wp-json\/wp\/v2\/posts"}],"about":[{"href":"https:\/\/agora.xtec.cat\/escolamestralvilanova\/wp-json\/wp\/v2\/types\/post"}],"author":[{"embeddable":true,"href":"https:\/\/agora.xtec.cat\/escolamestralvilanova\/wp-json\/wp\/v2\/users\/1"}],"replies":[{"embeddable":true,"href":"https:\/\/agora.xtec.cat\/escolamestralvilanova\/wp-json\/wp\/v2\/comments?post=2146"}],"version-history":[{"count":1,"href":"https:\/\/agora.xtec.cat\/escolamestralvilanova\/wp-json\/wp\/v2\/posts\/2146\/revisions"}],"predecessor-version":[{"id":2148,"href":"https:\/\/agora.xtec.cat\/escolamestralvilanova\/wp-json\/wp\/v2\/posts\/2146\/revisions\/2148"}],"wp:attachment":[{"href":"https:\/\/agora.xtec.cat\/escolamestralvilanova\/wp-json\/wp\/v2\/media?parent=2146"}],"wp:term":[{"taxonomy":"category","embeddable":true,"href":"https:\/\/agora.xtec.cat\/escolamestralvilanova\/wp-json\/wp\/v2\/categories?post=2146"},{"taxonomy":"post_tag","embeddable":true,"href":"https:\/\/agora.xtec.cat\/escolamestralvilanova\/wp-json\/wp\/v2\/tags?post=2146"}],"curies":[{"name":"wp","href":"https:\/\/api.w.org\/{rel}","templated":true}]}}