{"id":2130,"date":"2020-02-10T16:52:48","date_gmt":"2020-02-10T15:52:48","guid":{"rendered":"http:\/\/agora.xtec.cat\/escolamestralvilanova\/?p=2130"},"modified":"2020-02-10T16:58:12","modified_gmt":"2020-02-10T15:58:12","slug":"ii-setmana-de-la-ciencia-a-lescola","status":"publish","type":"post","link":"https:\/\/agora.xtec.cat\/escolamestralvilanova\/general\/ii-setmana-de-la-ciencia-a-lescola\/","title":{"rendered":"II SETMANA DE LA CI\u00c8NCIA A L&#8217;ESCOLA"},"content":{"rendered":"<p class=\"gmail_default\" style=\"text-align: left;\">Al llarg de la setmana durem a terme la\u00a0 <b>II Setmana de la Ci\u00e8ncia <\/b>a l&#8217;escola.<\/p>\n<p class=\"gmail_default\" style=\"text-align: left;\">L&#8217;objectiu principal d&#8217;aquesta iniciativa no \u00e9s altre que despertar i potenciar l\u2019inter\u00e8s i la curiositat dels alumnes vers la Ci\u00e8ncia.<\/p>\n<p class=\"gmail_default\" style=\"text-align: left;\">Els nens i les nenes de les diferents aules, a trav\u00e9s del m\u00e8tode cient\u00edfic, hem triat i preparat diferents experiments a fi de mostrar-los i explicar-los als nostres companys\/es.<\/p>\n<p class=\"gmail_default\" style=\"text-align: left;\">Aix\u00ed, durant aquesta setmana els alumnes de l&#8217;escola ens convertirem en cient\u00edfics i farem petites demostracions cient\u00edfiques tot donant a con\u00e8ixer la pregunta inicial, explicant la hip\u00f2tesi plantejada, mostrant el procediment a seguir i extraient unes conclusions a partir de la demostraci\u00f3 vivencial.<\/p>\n<p class=\"gmail_default\" style=\"text-align: left;\">Tamb\u00e9, aprofitant que el proper dimarts dia 11 de febrer \u00e9s el <b>Dia de la dona cient\u00edfica<\/b>, treballarem diferents dones cient\u00edfiques que han destacat en el camp de la ci\u00e8ncia. Cada aula treballar\u00e0 una dona cient\u00edfica i l&#8217;exposar\u00e0 a la resta de l&#8217;escola.<\/p>\n<p class=\"gmail_default\" style=\"text-align: left;\"><b>CI\u00c8NCIA AL CARRER. <\/b>Amb l&#8217;objectiu de compartir amb tots vosaltres alguns dels experiments, obrirem la Setmana de la Ci\u00e8ncia al poble, i el proper <b>dijous dia 13 de febrer a les 16 hores <\/b>oferirem al pati de l&#8217;escola i al carrer entre l&#8217;Escola i l&#8217;Escoleta, una demostraci\u00f3 d&#8217;alguns dels experiments que hem treballat a l&#8217;aula.<\/p>\n<p class=\"gmail_default\" style=\"text-align: left;\">Per tal de compartir les viv\u00e8ncies viscudes, al llarg de la setmana vinent farem diferents publicacions a la p\u00e0gina web de l&#8217;escola amb les fotografies de les diferents activitats realitzades.<\/p>\n<p>Ens agrada la ci\u00e8ncia!<\/p>\n<div class=\"gmail_default\"><\/div>\n<div><a href=\"https:\/\/agora.xtec.cat\/escolamestralvilanova\/wp-content\/uploads\/usu729\/2020\/02\/SETMANA-DE-LA-CI\u00c8NCIA-definitu-1.jpg\"><img loading=\"lazy\" decoding=\"async\" class=\"alignnone wp-image-2137 size-medium\" src=\"https:\/\/agora.xtec.cat\/escolamestralvilanova\/wp-content\/uploads\/usu729\/2020\/02\/SETMANA-DE-LA-CI\u00c8NCIA-definitu-1-300x169.jpg\" alt=\"\" width=\"300\" height=\"169\" srcset=\"https:\/\/agora.xtec.cat\/escolamestralvilanova\/wp-content\/uploads\/usu729\/2020\/02\/SETMANA-DE-LA-CI\u00c8NCIA-definitu-1-300x169.jpg 300w, https:\/\/agora.xtec.cat\/escolamestralvilanova\/wp-content\/uploads\/usu729\/2020\/02\/SETMANA-DE-LA-CI\u00c8NCIA-definitu-1-768x432.jpg 768w, https:\/\/agora.xtec.cat\/escolamestralvilanova\/wp-content\/uploads\/usu729\/2020\/02\/SETMANA-DE-LA-CI\u00c8NCIA-definitu-1-1024x576.jpg 1024w, https:\/\/agora.xtec.cat\/escolamestralvilanova\/wp-content\/uploads\/usu729\/2020\/02\/SETMANA-DE-LA-CI\u00c8NCIA-definitu-1.jpg 1280w\" sizes=\"auto, (max-width: 300px) 100vw, 300px\" \/><\/a><\/div>\n","protected":false},"excerpt":{"rendered":"<p>Al llarg de la setmana durem a terme la\u00a0 II Setmana de la Ci\u00e8ncia a l&#8217;escola.<br \/>\nL&#8217;objectiu principal d&#8217;aquesta iniciativa no \u00e9s altre que despertar i potenciar l\u2019inter\u00e8s i la curiositat dels alumnes vers la Ci\u00e8ncia.<br \/>\nEls nens i les nenes de les diferents aules, a trav\u00e9s&hellip;  <a href=\"https:\/\/agora.xtec.cat\/escolamestralvilanova\/general\/ii-setmana-de-la-ciencia-a-lescola\/\" title=\"Read II SETMANA DE LA CI\u00c8NCIA A L&#8217;ESCOLA\">Llegeix m\u00e9s\u00bb<\/a><\/p>\n","protected":false},"author":1,"featured_media":0,"comment_status":"open","ping_status":"closed","sticky":false,"template":"","format":"standard","meta":{"_bbp_topic_count":0,"_bbp_reply_count":0,"_bbp_total_topic_count":0,"_bbp_total_reply_count":0,"_bbp_voice_count":0,"_bbp_anonymous_reply_count":0,"_bbp_topic_count_hidden":0,"_bbp_reply_count_hidden":0,"_bbp_forum_subforum_count":0,"footnotes":""},"categories":[13,11,12,15,3,8,9,10,1,2,4,5],"tags":[],"class_list":["post-2130","post","type-post","status-publish","format-standard","hentry","category-cinque","category-cicle-inicial","category-tercer-quart","category-cicle-superior","category-ei3-ei4-ei5","category-ei4","category-ei5","category-ei5-primer","category-general","category-infantil","category-portada","category-primaria"],"post_mailing_queue_ids":[],"_links":{"self":[{"href":"https:\/\/agora.xtec.cat\/escolamestralvilanova\/wp-json\/wp\/v2\/posts\/2130","targetHints":{"allow":["GET"]}}],"collection":[{"href":"https:\/\/agora.xtec.cat\/escolamestralvilanova\/wp-json\/wp\/v2\/posts"}],"about":[{"href":"https:\/\/agora.xtec.cat\/escolamestralvilanova\/wp-json\/wp\/v2\/types\/post"}],"author":[{"embeddable":true,"href":"https:\/\/agora.xtec.cat\/escolamestralvilanova\/wp-json\/wp\/v2\/users\/1"}],"replies":[{"embeddable":true,"href":"https:\/\/agora.xtec.cat\/escolamestralvilanova\/wp-json\/wp\/v2\/comments?post=2130"}],"version-history":[{"count":3,"href":"https:\/\/agora.xtec.cat\/escolamestralvilanova\/wp-json\/wp\/v2\/posts\/2130\/revisions"}],"predecessor-version":[{"id":2157,"href":"https:\/\/agora.xtec.cat\/escolamestralvilanova\/wp-json\/wp\/v2\/posts\/2130\/revisions\/2157"}],"wp:attachment":[{"href":"https:\/\/agora.xtec.cat\/escolamestralvilanova\/wp-json\/wp\/v2\/media?parent=2130"}],"wp:term":[{"taxonomy":"category","embeddable":true,"href":"https:\/\/agora.xtec.cat\/escolamestralvilanova\/wp-json\/wp\/v2\/categories?post=2130"},{"taxonomy":"post_tag","embeddable":true,"href":"https:\/\/agora.xtec.cat\/escolamestralvilanova\/wp-json\/wp\/v2\/tags?post=2130"}],"curies":[{"name":"wp","href":"https:\/\/api.w.org\/{rel}","templated":true}]}}