{"id":2118,"date":"2020-02-05T11:49:20","date_gmt":"2020-02-05T10:49:20","guid":{"rendered":"http:\/\/agora.xtec.cat\/escolamestralvilanova\/?p=2118"},"modified":"2020-02-05T11:49:28","modified_gmt":"2020-02-05T10:49:28","slug":"la-petita-filla-del-ganges","status":"publish","type":"post","link":"https:\/\/agora.xtec.cat\/escolamestralvilanova\/infantil\/la-petita-filla-del-ganges\/","title":{"rendered":"LA PETITA FILLA DEL GANGES"},"content":{"rendered":"<p>Amb motiu del Dia de la Pau (DENIP), tots els infants de l&#8217;escola hem llegit i treballat el llibre de <strong><em>La Petita Filla del Ganges <\/em><\/strong>de l&#8217;escriptora Asha Mir\u00f3.<\/p>\n<p><em>La petita filla del Ganges<\/em> narra la hist\u00f2ria de l\u2019Asha, una nena de set anys, \u00f2rfena, per a qui el m\u00e9s gran desig \u00e9s trobar uns pares que se l\u2019estimin i en tinguin cura. Basat en el llibre de mem\u00f2ries <em>La filla del Ganges<\/em> d\u2019Asha Mir\u00f3, aquest conte per a nens recull la hist\u00f2ria de l\u2019adopci\u00f3 de l\u2019Asha, qui finalment veur\u00e0 complert el seu somni de tenir una fam\u00edlia.<\/p>\n<p>Als nens i nens els hi ha agradat molt con\u00e8ixer la hist\u00f2ria de la seva vida i poder apropar-se a una realitat tant diferent a la nostra, la vida a l&#8217;\u00cdndia.<\/p>\n<p><a href=\"https:\/\/agora.xtec.cat\/escolamestralvilanova\/wp-content\/uploads\/usu729\/2020\/02\/3PGcdmd26SOCCtImklTi-_eYyRxI6vkLyKpmdkUS-DBxu6H1tBW2Q6wt6fpSjoAmhbhjH-lZrX9OKwaOn0rXUnbhPHOzDj_nIxNg2WLZZ4JCd3LV-7-dd2rs3KgJeZ3naD7e.jpg\"><img loading=\"lazy\" decoding=\"async\" class=\"alignnone wp-image-2119 size-medium\" src=\"https:\/\/agora.xtec.cat\/escolamestralvilanova\/wp-content\/uploads\/usu729\/2020\/02\/3PGcdmd26SOCCtImklTi-_eYyRxI6vkLyKpmdkUS-DBxu6H1tBW2Q6wt6fpSjoAmhbhjH-lZrX9OKwaOn0rXUnbhPHOzDj_nIxNg2WLZZ4JCd3LV-7-dd2rs3KgJeZ3naD7e-300x300.jpg\" alt=\"\" width=\"300\" height=\"300\" srcset=\"https:\/\/agora.xtec.cat\/escolamestralvilanova\/wp-content\/uploads\/usu729\/2020\/02\/3PGcdmd26SOCCtImklTi-_eYyRxI6vkLyKpmdkUS-DBxu6H1tBW2Q6wt6fpSjoAmhbhjH-lZrX9OKwaOn0rXUnbhPHOzDj_nIxNg2WLZZ4JCd3LV-7-dd2rs3KgJeZ3naD7e-300x300.jpg 300w, https:\/\/agora.xtec.cat\/escolamestralvilanova\/wp-content\/uploads\/usu729\/2020\/02\/3PGcdmd26SOCCtImklTi-_eYyRxI6vkLyKpmdkUS-DBxu6H1tBW2Q6wt6fpSjoAmhbhjH-lZrX9OKwaOn0rXUnbhPHOzDj_nIxNg2WLZZ4JCd3LV-7-dd2rs3KgJeZ3naD7e-150x150.jpg 150w, https:\/\/agora.xtec.cat\/escolamestralvilanova\/wp-content\/uploads\/usu729\/2020\/02\/3PGcdmd26SOCCtImklTi-_eYyRxI6vkLyKpmdkUS-DBxu6H1tBW2Q6wt6fpSjoAmhbhjH-lZrX9OKwaOn0rXUnbhPHOzDj_nIxNg2WLZZ4JCd3LV-7-dd2rs3KgJeZ3naD7e.jpg 510w\" sizes=\"auto, (max-width: 300px) 100vw, 300px\" \/><\/a><\/p>\n<p>Seguim promovent el gust per la lectura i apropant als alumnes\/as hist\u00f2ries interessants que ens aporten els llibres!<\/p>\n","protected":false},"excerpt":{"rendered":"<p>Amb motiu del Dia de la Pau (DENIP), tots els infants de l&#8217;escola hem llegit i treballat el llibre de La Petita Filla del Ganges de l&#8217;escriptora Asha Mir\u00f3.<br \/>\nLa petita filla del Ganges narra la hist\u00f2ria de l\u2019Asha, una nena de set anys, \u00f2rfena, per&hellip;  <a href=\"https:\/\/agora.xtec.cat\/escolamestralvilanova\/infantil\/la-petita-filla-del-ganges\/\" title=\"Read LA PETITA FILLA DEL GANGES\">Llegeix m\u00e9s\u00bb<\/a><\/p>\n","protected":false},"author":1,"featured_media":0,"comment_status":"open","ping_status":"closed","sticky":false,"template":"","format":"standard","meta":{"_bbp_topic_count":0,"_bbp_reply_count":0,"_bbp_total_topic_count":0,"_bbp_total_reply_count":0,"_bbp_voice_count":0,"_bbp_anonymous_reply_count":0,"_bbp_topic_count_hidden":0,"_bbp_reply_count_hidden":0,"_bbp_forum_subforum_count":0,"footnotes":""},"categories":[2,52,4,5],"tags":[],"class_list":["post-2118","post","type-post","status-publish","format-standard","hentry","category-infantil","category-llegim","category-portada","category-primaria"],"post_mailing_queue_ids":[],"_links":{"self":[{"href":"https:\/\/agora.xtec.cat\/escolamestralvilanova\/wp-json\/wp\/v2\/posts\/2118","targetHints":{"allow":["GET"]}}],"collection":[{"href":"https:\/\/agora.xtec.cat\/escolamestralvilanova\/wp-json\/wp\/v2\/posts"}],"about":[{"href":"https:\/\/agora.xtec.cat\/escolamestralvilanova\/wp-json\/wp\/v2\/types\/post"}],"author":[{"embeddable":true,"href":"https:\/\/agora.xtec.cat\/escolamestralvilanova\/wp-json\/wp\/v2\/users\/1"}],"replies":[{"embeddable":true,"href":"https:\/\/agora.xtec.cat\/escolamestralvilanova\/wp-json\/wp\/v2\/comments?post=2118"}],"version-history":[{"count":2,"href":"https:\/\/agora.xtec.cat\/escolamestralvilanova\/wp-json\/wp\/v2\/posts\/2118\/revisions"}],"predecessor-version":[{"id":2122,"href":"https:\/\/agora.xtec.cat\/escolamestralvilanova\/wp-json\/wp\/v2\/posts\/2118\/revisions\/2122"}],"wp:attachment":[{"href":"https:\/\/agora.xtec.cat\/escolamestralvilanova\/wp-json\/wp\/v2\/media?parent=2118"}],"wp:term":[{"taxonomy":"category","embeddable":true,"href":"https:\/\/agora.xtec.cat\/escolamestralvilanova\/wp-json\/wp\/v2\/categories?post=2118"},{"taxonomy":"post_tag","embeddable":true,"href":"https:\/\/agora.xtec.cat\/escolamestralvilanova\/wp-json\/wp\/v2\/tags?post=2118"}],"curies":[{"name":"wp","href":"https:\/\/api.w.org\/{rel}","templated":true}]}}