{"id":2114,"date":"2020-02-05T11:50:03","date_gmt":"2020-02-05T10:50:03","guid":{"rendered":"http:\/\/agora.xtec.cat\/escolamestralvilanova\/?p=2114"},"modified":"2020-02-05T11:50:29","modified_gmt":"2020-02-05T10:50:29","slug":"raco-de-geometria","status":"publish","type":"post","link":"https:\/\/agora.xtec.cat\/escolamestralvilanova\/infantil\/raco-de-geometria\/","title":{"rendered":"RAC\u00d3 DE GEOMETRIA"},"content":{"rendered":"<p>Avui els nens i nens d&#8217;Educaci\u00f3 Infantil de l&#8217;escola hem realitzat un Rac\u00f3 de Geometria!<\/p>\n<p>En aquest Rac\u00f3 hem pogut identificar les diferents figures a trav\u00e9s del tacte. Ja que portem molts dies treballant les figures planes, ara ja som capa\u00e7os d&#8217;identificar els atributs dels blocs l\u00f2gics: forma, grand\u00e0ria i gruix sense mirar, nom\u00e9s amb el tacte!!<\/p>\n<ul>\n<li><a href=\"https:\/\/photos.app.goo.gl\/ZoumLfj3Zat171LB8\">ENLLA\u00c7 A LES FOTOGRAFIES<\/a><\/li>\n<\/ul>\n<p><a href=\"https:\/\/agora.xtec.cat\/escolamestralvilanova\/wp-content\/uploads\/usu729\/2020\/02\/Foto-article-1.jpg\"><img loading=\"lazy\" decoding=\"async\" class=\"wp-image-2115 size-medium alignleft\" src=\"https:\/\/agora.xtec.cat\/escolamestralvilanova\/wp-content\/uploads\/usu729\/2020\/02\/Foto-article-1-300x225.jpg\" alt=\"\" width=\"300\" height=\"225\" srcset=\"https:\/\/agora.xtec.cat\/escolamestralvilanova\/wp-content\/uploads\/usu729\/2020\/02\/Foto-article-1-300x225.jpg 300w, https:\/\/agora.xtec.cat\/escolamestralvilanova\/wp-content\/uploads\/usu729\/2020\/02\/Foto-article-1-768x576.jpg 768w, https:\/\/agora.xtec.cat\/escolamestralvilanova\/wp-content\/uploads\/usu729\/2020\/02\/Foto-article-1-1024x768.jpg 1024w, https:\/\/agora.xtec.cat\/escolamestralvilanova\/wp-content\/uploads\/usu729\/2020\/02\/Foto-article-1-200x150.jpg 200w, https:\/\/agora.xtec.cat\/escolamestralvilanova\/wp-content\/uploads\/usu729\/2020\/02\/Foto-article-1.jpg 1600w\" sizes=\"auto, (max-width: 300px) 100vw, 300px\" \/><\/a><\/p>\n<p>&nbsp;<\/p>\n<p>&nbsp;<\/p>\n","protected":false},"excerpt":{"rendered":"<p>Avui els nens i nens d&#8217;Educaci\u00f3 Infantil de l&#8217;escola hem realitzat un Rac\u00f3 de Geometria!<br \/>\nEn aquest Rac\u00f3 hem pogut identificar les diferents figures a trav\u00e9s del tacte. Ja que portem molts dies treballant les figures planes, ara ja som capa\u00e7os d&#8217;identificar els atributs dels blocs&hellip;  <a href=\"https:\/\/agora.xtec.cat\/escolamestralvilanova\/infantil\/raco-de-geometria\/\" title=\"Read RAC\u00d3 DE GEOMETRIA\">Llegeix m\u00e9s\u00bb<\/a><\/p>\n","protected":false},"author":6,"featured_media":0,"comment_status":"open","ping_status":"closed","sticky":false,"template":"","format":"standard","meta":{"_bbp_topic_count":0,"_bbp_reply_count":0,"_bbp_total_topic_count":0,"_bbp_total_reply_count":0,"_bbp_voice_count":0,"_bbp_anonymous_reply_count":0,"_bbp_topic_count_hidden":0,"_bbp_reply_count_hidden":0,"_bbp_forum_subforum_count":0,"footnotes":""},"categories":[3,14,8,9,2,4],"tags":[],"class_list":["post-2114","post","type-post","status-publish","format-standard","hentry","category-ei3-ei4-ei5","category-ei1-ei2","category-ei4","category-ei5","category-infantil","category-portada"],"post_mailing_queue_ids":[],"_links":{"self":[{"href":"https:\/\/agora.xtec.cat\/escolamestralvilanova\/wp-json\/wp\/v2\/posts\/2114","targetHints":{"allow":["GET"]}}],"collection":[{"href":"https:\/\/agora.xtec.cat\/escolamestralvilanova\/wp-json\/wp\/v2\/posts"}],"about":[{"href":"https:\/\/agora.xtec.cat\/escolamestralvilanova\/wp-json\/wp\/v2\/types\/post"}],"author":[{"embeddable":true,"href":"https:\/\/agora.xtec.cat\/escolamestralvilanova\/wp-json\/wp\/v2\/users\/6"}],"replies":[{"embeddable":true,"href":"https:\/\/agora.xtec.cat\/escolamestralvilanova\/wp-json\/wp\/v2\/comments?post=2114"}],"version-history":[{"count":3,"href":"https:\/\/agora.xtec.cat\/escolamestralvilanova\/wp-json\/wp\/v2\/posts\/2114\/revisions"}],"predecessor-version":[{"id":2124,"href":"https:\/\/agora.xtec.cat\/escolamestralvilanova\/wp-json\/wp\/v2\/posts\/2114\/revisions\/2124"}],"wp:attachment":[{"href":"https:\/\/agora.xtec.cat\/escolamestralvilanova\/wp-json\/wp\/v2\/media?parent=2114"}],"wp:term":[{"taxonomy":"category","embeddable":true,"href":"https:\/\/agora.xtec.cat\/escolamestralvilanova\/wp-json\/wp\/v2\/categories?post=2114"},{"taxonomy":"post_tag","embeddable":true,"href":"https:\/\/agora.xtec.cat\/escolamestralvilanova\/wp-json\/wp\/v2\/tags?post=2114"}],"curies":[{"name":"wp","href":"https:\/\/api.w.org\/{rel}","templated":true}]}}